{"id":498,"date":"2013-01-02T15:24:15","date_gmt":"2013-01-02T15:24:15","guid":{"rendered":"http:\/\/www.neyestrabelli.com\/blog\/?p=498"},"modified":"2013-01-02T15:24:15","modified_gmt":"2013-01-02T15:24:15","slug":"mochilao-argentina-e-uruguai-10-dias","status":"publish","type":"post","link":"https:\/\/www.neyestrabelli.com\/blog\/2013\/01\/02\/mochilao-argentina-e-uruguai-10-dias\/","title":{"rendered":"Mochil\u00e3o Argentina e Uruguai &#8211; 10 dias"},"content":{"rendered":"<p>Vamos come\u00e7ar o ano tirando a poeira daqui.<\/p>\n<p>Em novembro de 2012, eu e minha namorada fizemos mais um mochil\u00e3o, desta vez pegamos 10 dias e partimos para conhecer Buenos Aires.<\/p>\n<p>Por sorte pegamos uma \u00f3tima semana, depois de um grande protesto e antes do famoso 8N, que paralisou a cidade inteira, inclusive com greve nos aeroportos.<\/p>\n<p>Esta foi uma viagem planejada com apenas 1 m\u00eas de anteced\u00eancia, bem diferente do que costumamos fazer, que \u00e9 3 a 4 meses antes.<\/p>\n<p>&nbsp;<\/p>\n<p>A Argentina est\u00e1 com problemas financeiros ent\u00e3o os valores que vou colocar aqui podem ter mudados, isso porque a infla\u00e7\u00e3o deles est\u00e1 oscilando muito.<\/p>\n<p>Muitos acham que a Argentina \u00e9 o para\u00edso das compras, quem est\u00e1 afim de ir pra l\u00e1 apenas para fazer compras j\u00e1 te digo que n\u00e3o vale a pena, os pre\u00e7os est\u00e3o muito parecidos com o Brasil, mesmo nos outlets n\u00e3o valia a pena fazer compras, apesar de n\u00e3o irmos com essa inten\u00e7\u00e3o passamos nos principais lugares para ver como estavam os pre\u00e7os.<\/p>\n<p>Nossa viagem ficou em torno de \u00a0R$ 2.500 por pessoa.<\/p>\n<p>Compramos passagens em uma promo\u00e7\u00e3o da Qatar pela bagatela de \u00a0R$ 715,00 (ida\/volta).<\/p>\n<p>Para hospedagem, testamos o AirBnB e funciona muito bem, alugamos um apartamento bem aconchegante e pr\u00f3ximo a San Telmo (esse <a href=\"https:\/\/www.airbnb.com\/rooms\/269753\" target=\"_blank\" rel=\"noopener noreferrer\">aqui<\/a>), o \u00fanico problema do apartamento foi apenas a internet, que n\u00e3o funcionava no quarto inteiro, muitas vezes tivemos que sentar pr\u00f3ximo a porta para poder usar.<\/p>\n<p>Vamos ao que interessa, afinal tamb\u00e9m quero relembrar essa viagem novamente \ud83d\ude42<\/p>\n<p>Chegamos no aeroporto de Ezeiza perto das 21hs, por\u00e9m antes do nosso v\u00f4o havia chegado um da Bol\u00edvia ou Col\u00f4mbia n\u00e3o estou lembrado, o que fez a imigra\u00e7\u00e3o ficar muito \u00a0lenta, porque eles verificavam todos os passageiros desse v\u00f4o, devido a isso ficamos mais de 2 horas na fila da imigra\u00e7\u00e3o, mas foi tudo tranquilo, de Ezeiza at\u00e9 o centro s\u00e3o cerca de 30 minutos ou menos dependendo do motorista, \u00e9 poss\u00edvel ir de \u00f4nibus tanto comum quanto de viagem, como j\u00e1 era tarde e est\u00e1vamos cansados pegamos um &#8220;remis&#8221; , que \u00e9 um taxi particular, custo por volta de \u00a0R$ 85,00, chegamos em cerca de 25 minutos apartamento.<\/p>\n<p>Ficamos bem preocupados de chegar tarde no apartamento, mas como o host mora no apartamento acima ficamos mais tranquilos, ele foi super atencioso, nos deu algumas dicas e inclusive fez c\u00e2mbio pra gente com um valor acima do encontrado nas casas de c\u00e2mbio.<\/p>\n<p>Est\u00e1vamos bem pr\u00f3ximos a este pr\u00e9dio bem conhecido da Av 9 de julho.<\/p>\n<p style=\"text-align: center;\"><a href=\"http:\/\/www.flickr.com\/photos\/neyestrabelli\/8204651855\/in\/set-72157632062040699\"><img loading=\"lazy\" decoding=\"async\" class=\"aligncenter\" alt=\"\" src=\"http:\/\/farm9.staticflickr.com\/8348\/8204651855_70b688b837.jpg\" width=\"270\" height=\"360\" \/><\/a><\/p>\n<p>\u00a0Nosso primeiro dia se resumiu a andar pela cidade sem rumo nenhum, andamos cerca de 10 horas, parando apenas para comer, como a cidade \u00e9 inteiramente plana \u00e9 super tranquilo para andar.<\/p>\n<p>No dia 10\/11 havia uma festa na cidade, assim como temos aqui em S\u00e3o Paulo a famosa Virada Cultural e Virada Esportiva, eles criaram a Noite dos Museus, n\u00f3s n\u00e3o sab\u00edamos deste evento e tivemos sorte, pois todos os museus estavam abertos de madrugada, todos gratuitos e al\u00e9m disso os transportes tamb\u00e9m estavam de gra\u00e7a, metr\u00f4 e \u00f4nibus.<\/p>\n<p>Nosso \u00fanico problema foi estar cansado demais para essa noite rs, ent\u00e3o acabamos visitando apenas o Museu das Armas e um pequeno museu de jogos que acredito que foi criado apenas para a data.<\/p>\n<p style=\"text-align: center;\"><a href=\"http:\/\/www.flickr.com\/photos\/neyestrabelli\/8207358887\/\"><img loading=\"lazy\" decoding=\"async\" class=\"aligncenter\" alt=\"\" src=\"http:\/\/farm9.staticflickr.com\/8340\/8207358887_836931a032.jpg\" width=\"450\" height=\"299\" \/><\/a><\/p>\n<p style=\"text-align: center;\"><a href=\"http:\/\/www.flickr.com\/photos\/neyestrabelli\/8205767524\/in\/set-72157632062040699\"><img loading=\"lazy\" decoding=\"async\" class=\"aligncenter\" alt=\"\" src=\"http:\/\/farm9.staticflickr.com\/8210\/8205767524_4c33071871.jpg\" width=\"338\" height=\"450\" \/><\/a><\/p>\n<p>No terceiro dia entramos na casa Rosada e seguimos para San Telmo e de l\u00e1 fomos conhecer Caminito, de todas nossas pesquisa todos falam que \u00e9 perigoso ir andando at\u00e9 l\u00e1, mas \u00a0apesar do medo decidimos ir andando, \u00e9 uma boa caminhada e d\u00e1 para ver que La Boca \u00e9 uma \u00e1rea mais pobre de Buenos Aires.<\/p>\n<p>L\u00e1 conhecemos a famosa casa da Havana e tamb\u00e9m entramos no Est\u00e1dio do Boca Juniors.<\/p>\n<p style=\"text-align: center;\"><a href=\"http:\/\/farm9.staticflickr.com\/8338\/8207338249_87f941e3e1.jpg\"><img loading=\"lazy\" decoding=\"async\" class=\"aligncenter\" alt=\"\" src=\"http:\/\/farm9.staticflickr.com\/8338\/8207338249_87f941e3e1.jpg\" width=\"450\" height=\"299\" \/><\/a><\/p>\n<p style=\"text-align: center;\"><a href=\"http:\/\/www.flickr.com\/photos\/neyestrabelli\/8208435952\/in\/set-72157632062040699\"><img loading=\"lazy\" decoding=\"async\" class=\"aligncenter\" alt=\"\" src=\"http:\/\/farm9.staticflickr.com\/8480\/8208435952_5b12b78c59.jpg\" width=\"450\" height=\"299\" \/><\/a><\/p>\n<p style=\"text-align: center;\"><a href=\"http:\/\/www.flickr.com\/photos\/neyestrabelli\/8207371957\/in\/set-72157632062040699\"><img loading=\"lazy\" decoding=\"async\" class=\"aligncenter\" alt=\"\" src=\"http:\/\/farm9.staticflickr.com\/8068\/8207371957_c6213a8b2b.jpg\" width=\"450\" height=\"299\" \/><\/a><\/p>\n<p>&nbsp;<\/p>\n<p>Ainda no mesmo dia fomos conhecer o cemit\u00e9rio da Recoleta e a famosa Flor Gigante.<\/p>\n<p style=\"text-align: center;\"><a href=\"http:\/\/www.flickr.com\/photos\/neyestrabelli\/8207369927\/in\/set-72157632062040699\"><img loading=\"lazy\" decoding=\"async\" class=\"aligncenter\" alt=\"\" src=\"http:\/\/farm9.staticflickr.com\/8070\/8207369927_6b4afdb7cf.jpg\" width=\"450\" height=\"299\" \/><\/a><\/p>\n<p style=\"text-align: center;\"><a href=\"http:\/\/www.flickr.com\/photos\/neyestrabelli\/8208463260\/in\/set-72157632062040699\"><img loading=\"lazy\" decoding=\"async\" class=\"aligncenter\" alt=\"\" src=\"http:\/\/farm9.staticflickr.com\/8203\/8208463260_db16b4956d.jpg\" width=\"299\" height=\"450\" \/><\/a><\/p>\n<p>\u00a0O quarto dia era o mais esperado por n\u00f3s, pois \u00edamos at\u00e9 o Zool\u00f3gico de Lujan, \u00e9 muito f\u00e1cil chegar no zool\u00f3gico, basta descer na esta\u00e7\u00e3o Plaza It\u00e1lia que fica na frente \u00a0do Zool\u00f3gico de Buenos Aires, de l\u00e1 caminhe at\u00e9 a Av Sarmiento, do lado esquerdo haver\u00e1 um quiosque para aluguel de bicicletas e a frente t\u00eam v\u00e1rios \u00f4nibus, nos pontos existem uma plaquinha escrito para onde eles v\u00e3o, o de Lujan se n\u00e3o me engano \u00e9 o segundo, mas caso voc\u00ea n\u00e3o veja a placa pergunte.<\/p>\n<p>A tarifa para ir at\u00e9 o zool\u00f3gico custa 15 pesos, por\u00e9m se voc\u00ea tiver o cart\u00e3o custa entre 10 e 12 pesos, \u00e9 como nosso bilhete \u00fanico e voc\u00ea pode compr\u00e1-lo em quiosques espalhados pela cidade.<\/p>\n<p>Importante lembrar tamb\u00e9m que caso voc\u00ea n\u00e3o tenha o cart\u00e3o todo esse montante deve estar em moedas, pois a m\u00e1quina n\u00e3o aceita notas \ud83d\ude42<\/p>\n<p>Depois de pegar o \u00f4nibus voc\u00ea chega no zool\u00f3gico em cerca de 1:30 hs, n\u00e3o se preocupe pois o motorista avisa onde tem que descer, o \u00f4nibus n\u00e3o p\u00e1ra na porta, ele te deixa do outro lado de uma auto-estrada, assim que voc\u00ea descer ter\u00e1 que passar por baixo desta \u00a0e ir para a direita, n\u00e3o estou muito lembrado mas acho que tinham algumas sinaliza\u00e7\u00f5es, mas depois que voc\u00ea passar por baixo da auto-estrada j\u00e1 ir\u00e1 ver v\u00e1rios tratores que fazem parte da cole\u00e7\u00e3o do zoo.<\/p>\n<p>O zoo custa 65 reais por pessoa, e sim, voc\u00ea pode pagar em reais :).<\/p>\n<p style=\"text-align: center;\"><img loading=\"lazy\" decoding=\"async\" class=\"aligncenter\" alt=\"\" src=\"http:\/\/farm9.staticflickr.com\/8209\/8204690839_3ac083a92a.jpg\" width=\"375\" height=\"500\" \/><\/p>\n<p style=\"text-align: center;\"><a href=\"http:\/\/farm9.staticflickr.com\/8338\/8208491862_002b991b46.jpg\"><img loading=\"lazy\" decoding=\"async\" class=\"aligncenter\" alt=\"\" src=\"http:\/\/farm9.staticflickr.com\/8338\/8208491862_002b991b46.jpg\" width=\"450\" height=\"299\" \/><\/a><\/p>\n<p>No quinto dia demos um pulinho em Colonia &#8211; Uruguai, compramos a passagem em uma loja da SeaCat e ficou 95 reais sendo ida\/volta no mesmo dia.<\/p>\n<p>Colonia \u00e9 uma cidade bem tranquila e o real vale muito bem l\u00e1, para terem uma id\u00e9ia passamos o dia l\u00e1 com apenas 70 reais, mais ou menos 700 pesos uruguaios.<\/p>\n<p><a href=\"http:\/\/farm9.staticflickr.com\/8483\/8207414321_d667274efa.jpg\"><img loading=\"lazy\" decoding=\"async\" class=\"aligncenter\" alt=\"\" src=\"http:\/\/farm9.staticflickr.com\/8483\/8207414321_d667274efa.jpg\" width=\"500\" height=\"271\" \/><\/a><\/p>\n<p>&nbsp;<\/p>\n<p><a href=\"http:\/\/farm9.staticflickr.com\/8057\/8207405205_63de5678f9.jpg\"><img loading=\"lazy\" decoding=\"async\" class=\"aligncenter\" alt=\"\" src=\"http:\/\/farm9.staticflickr.com\/8057\/8207405205_63de5678f9.jpg\" width=\"332\" height=\"500\" \/><\/a><\/p>\n<p>No sexto dia fomos conhecer o Jardim Japon\u00eas, fica praticamente atr\u00e1s do Zool\u00f3gico de Buenos Aires.<\/p>\n<p><a href=\"http:\/\/farm9.staticflickr.com\/8341\/8208513648_435d71af3b.jpg\"><img loading=\"lazy\" decoding=\"async\" class=\"aligncenter\" alt=\"\" src=\"http:\/\/farm9.staticflickr.com\/8341\/8208513648_435d71af3b.jpg\" width=\"364\" height=\"500\" \/><\/a><\/p>\n<p><a href=\"http:\/\/farm9.staticflickr.com\/8064\/8207422853_964f7b827f.jpg\"><img loading=\"lazy\" decoding=\"async\" class=\"aligncenter\" alt=\"\" src=\"http:\/\/farm9.staticflickr.com\/8064\/8207422853_964f7b827f.jpg\" width=\"500\" height=\"332\" \/><\/a><\/p>\n<p>&nbsp;<\/p>\n<p>No s\u00e9timo dia fomos a cidade de Tigre, existem v\u00e1rias formas de se chegar na cidade, mas a mais simples \u00e9 pegar o Trem de La Costa, custa 32 pesos ida e volta e voc\u00ea pode descer em qualquer uma das esta\u00e7\u00f5es do caminho.<\/p>\n<p style=\"text-align: center;\"><a href=\"http:\/\/farm9.staticflickr.com\/8063\/8208504346_dfb496465c.jpg\"><img loading=\"lazy\" decoding=\"async\" class=\"aligncenter\" alt=\"\" src=\"http:\/\/farm9.staticflickr.com\/8063\/8208504346_dfb496465c.jpg\" width=\"450\" height=\"299\" \/><\/a><\/p>\n<p>&nbsp;<\/p>\n<p style=\"text-align: center;\"><a href=\"http:\/\/farm9.staticflickr.com\/8488\/8207415485_ac63844cd7.jpg\"><img loading=\"lazy\" decoding=\"async\" class=\"aligncenter\" alt=\"\" src=\"http:\/\/farm9.staticflickr.com\/8488\/8207415485_ac63844cd7.jpg\" width=\"450\" height=\"299\" \/><\/a><\/p>\n<p>No oitavo dia passamos novamente por San Telmo para tirar um fotinho com a Mafalda e de l\u00e1 seguimos para o museu que fica atr\u00e1s da Casa Rosada, Museu Bicenten\u00e1rio e depois passamos pelo Museu Fragata.<\/p>\n<p style=\"text-align: center;\"><a href=\"http:\/\/farm9.staticflickr.com\/8203\/8206272175_f8ace25690.jpg\"><img loading=\"lazy\" decoding=\"async\" class=\"aligncenter\" alt=\"\" src=\"http:\/\/farm9.staticflickr.com\/8203\/8206272175_f8ace25690.jpg\" width=\"450\" height=\"299\" \/><\/a><\/p>\n<p style=\"text-align: center;\"><a href=\"http:\/\/farm9.staticflickr.com\/8206\/8206256081_ccfda590e8.jpg\"><img loading=\"lazy\" decoding=\"async\" class=\"aligncenter\" alt=\"\" src=\"http:\/\/farm9.staticflickr.com\/8206\/8206256081_ccfda590e8.jpg\" width=\"450\" height=\"299\" \/><\/a><\/p>\n<p style=\"text-align: center;\"><a href=\"http:\/\/farm9.staticflickr.com\/8065\/8207443816_861a9f5578.jpg\"><img loading=\"lazy\" decoding=\"async\" class=\"aligncenter\" alt=\"\" src=\"http:\/\/farm9.staticflickr.com\/8065\/8207443816_861a9f5578.jpg\" width=\"450\" height=\"299\" \/><\/a><\/p>\n<p style=\"text-align: center;\"><a href=\"http:\/\/farm9.staticflickr.com\/8059\/8206385473_ac0b18f529.jpg\"><img loading=\"lazy\" decoding=\"async\" class=\"aligncenter\" alt=\"\" src=\"http:\/\/farm9.staticflickr.com\/8059\/8206385473_ac0b18f529.jpg\" width=\"450\" height=\"299\" \/><\/a><\/p>\n<p>\u00a0E por fim no nono dia fomos conhecer o Mundo Marino, que fica em Mar del Plata, compramos as passagens na Ag\u00eancia Colprim, pelo que vimos \u00e9 a \u00fanica ag\u00eancia de viagens que vende este passeio, custou 390 pesos por pessoa (mais ou menos 200 reais), \u00e9 uma viagem bem longa, mas valeu muito a pena.<\/p>\n<p><a href=\"http:\/\/farm9.staticflickr.com\/8344\/8207353553_3f11b7747c.jpg\"><img loading=\"lazy\" decoding=\"async\" class=\"aligncenter\" alt=\"\" src=\"http:\/\/farm9.staticflickr.com\/8344\/8207353553_3f11b7747c.jpg\" width=\"500\" height=\"332\" \/><\/a><\/p>\n<p><a href=\"http:\/\/farm9.staticflickr.com\/8339\/8208427554_abe903ae5f.jpg\"><img loading=\"lazy\" decoding=\"async\" class=\"aligncenter\" alt=\"\" src=\"http:\/\/farm9.staticflickr.com\/8339\/8208427554_abe903ae5f.jpg\" width=\"500\" height=\"312\" \/><\/a><\/p>\n<p>&nbsp;<\/p>\n<p>E acabou, no d\u00e9cimo dia apenas compramos lembrancinhas e muitos alfajores :).<\/p>\n<p>Se quiserem ver mais fotos desta viagem:<a href=\"http:\/\/www.flickr.com\/photos\/neyestrabelli\/collections\/72157632070492043\/\" target=\"_blank\" rel=\"noopener noreferrer\"> acessem meu flickr<\/a><\/p>\n<p>Se tiverem d\u00favidas ou quiserem saber mais informa\u00e7\u00f5es podem perguntar.<\/p>\n","protected":false},"excerpt":{"rendered":"<p>Vamos come\u00e7ar o ano tirando a poeira daqui. Em novembro de 2012, eu e minha namorada fizemos mais um mochil\u00e3o, desta vez pegamos 10 dias e partimos para conhecer Buenos Aires. Por sorte pegamos uma \u00f3tima semana, depois de um grande protesto e antes do famoso 8N, que paralisou a cidade inteira, inclusive com greve [&hellip;]<\/p>\n","protected":false},"author":1,"featured_media":0,"comment_status":"open","ping_status":"open","sticky":false,"template":"","format":"standard","meta":{"om_disable_all_campaigns":false,"_jetpack_memberships_contains_paid_content":false,"footnotes":""},"categories":[13],"tags":[27,30,35,64,96,101,112,165,178],"class_list":["post-498","post","type-post","status-publish","format-standard","hentry","category-mochilao","tag-argentina","tag-barco","tag-buenos-aires","tag-fragata","tag-lujan","tag-mafalda","tag-mundo-marino","tag-uruguai","tag-zoologico"],"jetpack_featured_media_url":"","jetpack_sharing_enabled":true,"_links":{"self":[{"href":"https:\/\/www.neyestrabelli.com\/blog\/wp-json\/wp\/v2\/posts\/498","targetHints":{"allow":["GET"]}}],"collection":[{"href":"https:\/\/www.neyestrabelli.com\/blog\/wp-json\/wp\/v2\/posts"}],"about":[{"href":"https:\/\/www.neyestrabelli.com\/blog\/wp-json\/wp\/v2\/types\/post"}],"author":[{"embeddable":true,"href":"https:\/\/www.neyestrabelli.com\/blog\/wp-json\/wp\/v2\/users\/1"}],"replies":[{"embeddable":true,"href":"https:\/\/www.neyestrabelli.com\/blog\/wp-json\/wp\/v2\/comments?post=498"}],"version-history":[{"count":0,"href":"https:\/\/www.neyestrabelli.com\/blog\/wp-json\/wp\/v2\/posts\/498\/revisions"}],"wp:attachment":[{"href":"https:\/\/www.neyestrabelli.com\/blog\/wp-json\/wp\/v2\/media?parent=498"}],"wp:term":[{"taxonomy":"category","embeddable":true,"href":"https:\/\/www.neyestrabelli.com\/blog\/wp-json\/wp\/v2\/categories?post=498"},{"taxonomy":"post_tag","embeddable":true,"href":"https:\/\/www.neyestrabelli.com\/blog\/wp-json\/wp\/v2\/tags?post=498"}],"curies":[{"name":"wp","href":"https:\/\/api.w.org\/{rel}","templated":true}]}}