{"id":520,"date":"2013-06-28T21:06:33","date_gmt":"2013-06-28T21:06:33","guid":{"rendered":"http:\/\/www.neyestrabelli.com\/blog\/?p=520"},"modified":"2013-06-28T21:06:33","modified_gmt":"2013-06-28T21:06:33","slug":"mochilao-europa-2013-alemanha-austria-holanda-belgica-e-franca","status":"publish","type":"post","link":"https:\/\/www.neyestrabelli.com\/blog\/2013\/06\/28\/mochilao-europa-2013-alemanha-austria-holanda-belgica-e-franca\/","title":{"rendered":"Mochil\u00e3o Europa 2013 &#8211; Alemanha, \u00c1ustria, Holanda, B\u00e9lgica e Fran\u00e7a"},"content":{"rendered":"<p>Mais uma Eurotrip, desta vez conhecendo 5 pa\u00edses (4 novos para mim e minha namorada ), Alemanha, \u00c1ustria, Holanda, B\u00e9lgica e Fran\u00e7a.<\/p>\n<p>Para come\u00e7ar, dessa vez fomos em um grupo de 6 pessoas, o que ajudou bem no custo de hospedagem.<\/p>\n<p>Nossa viagem come\u00e7ou por Munich &#8211; Alemanha (24\/04\/13), uma cidade muito bonita e pequena. \u00a0Ficamos 4 dias e aqui o que fizemos:<\/p>\n<h2><strong>Dia 1 &#8211; 24\/04\/13 &#8211; Munich<\/strong><\/h2>\n<p>Chegamos em Munich por volta das 14:00hs da tarde, ent\u00e3o seguimos somente para o Hostel, deixamos as mochilas e fizemos uma pequena caminhada pelo centro, o <a href=\"http:\/\/www.euro-youth-hotel.de\/\" target=\"_blank\" rel=\"noopener noreferrer\">Euro Youth Hostel<\/a> est\u00e1 bem pr\u00f3ximo da esta\u00e7\u00e3o central, n\u00e3o chega nem a \u00a0700mts de dist\u00e2ncia, na mesma rua existem outros hostels.<\/p>\n<p>E acabamos por achar um parque itinerante, que segundo eles \u00e9 uma pr\u00e9-oktoberfest (mesmo sendo em abril rs), com direito at\u00e9 a Carrossel de cerveja.<\/p>\n<p><a title=\"Alemanha por Ney Estrabelli, no Flickr\" href=\"http:\/\/www.flickr.com\/photos\/neyestrabelli\/8731017417\/\"><img loading=\"lazy\" decoding=\"async\" alt=\"Alemanha\" src=\"http:\/\/farm8.staticflickr.com\/7408\/8731017417_e585e89b6a.jpg\" width=\"500\" height=\"375\" \/><\/a><\/p>\n<p>&nbsp;<\/p>\n<p>&nbsp;<\/p>\n<h2><strong>Dia 2 &#8211; 25\/04\/13 &#8211; Munich<\/strong><\/h2>\n<p>Como tinhamos prioridade de ir no castelo de\u00a0<a href=\"http:\/\/www.neuschwanstein.de\/\" target=\"_blank\" rel=\"noopener noreferrer\">Neuschwanstein<\/a> pegamos o primeiro trem, mesmo sabendo que o bilhete familia ficava mais barato, por\u00e9m teriamos que sair mais tarde.<\/p>\n<p>Portanto o ticket de ida para Fussen custou: 24,70 euros.<\/p>\n<p>L\u00e1 existem 2 castelos,\u00a0Neuschwanstein e\u00a0Hohenschwangau, n\u00e3o tinhamos interesse de visitar o\u00a0Hohenschwangau por isso compramos apenas o ticket de\u00a0Neuschwanstein que custo 12 euros.<\/p>\n<p>A visita \u00e9 guiada e \u00e9 bem r\u00e1pida, mas voc\u00ea pode ficar bastante tempo nos p\u00e1tios antes do tour.<\/p>\n<p>&nbsp;<\/p>\n<p><a title=\"DSC_0032 por Ney Estrabelli, no Flickr\" href=\"http:\/\/www.flickr.com\/photos\/neyestrabelli\/8736682588\/\"><img loading=\"lazy\" decoding=\"async\" alt=\"DSC_0032\" src=\"http:\/\/farm8.staticflickr.com\/7303\/8736682588_b9a48b3aa7.jpg\" width=\"500\" height=\"332\" \/><\/a><\/p>\n<p>No tour n\u00e3o \u00e9 permitido tirar fotos, voc\u00ea faz uma bela caminha por algumas das salas e quartos, mas n\u00e3o se v\u00ea o castelo inteiro. Acredito que o tour tenha durado uns 30 minutos no m\u00e1ximo.<\/p>\n<p>Saindo do tour seguimos para a melhor vista do castelo, uma bela caminhada at\u00e9 o topo de uma montanha de onde \u00e9 poss\u00edvel ver a cl\u00e1ssica foto do castelo \ud83d\ude42<br \/>\n<a title=\"DSC_0073 por Ney Estrabelli, no Flickr\" href=\"http:\/\/www.flickr.com\/photos\/neyestrabelli\/8736167629\/\"><img loading=\"lazy\" decoding=\"async\" alt=\"DSC_0073\" src=\"http:\/\/farm8.staticflickr.com\/7284\/8736167629_a6433061f5.jpg\" width=\"500\" height=\"332\" \/><\/a><\/p>\n<p>Sa\u00edmos do castelo e almo\u00e7amos em uma pequena lanchonete bem pr\u00f3ximo onde se compra o ingresso do castelo e voltamos para a esta\u00e7\u00e3o.<\/p>\n<p>Ao chegarmos na esta\u00e7\u00e3o, optamos por comprar o ticket familia, pois seria mais barato, mas por um problema na m\u00e1quina acabou cobrando 2x no meu cart\u00e3o de cr\u00e9dito. Por sorte seguimos at\u00e9 o guiche e a simp\u00e1tica atendente perguntou se queriamos apenas modificar a data do bilhete ou o dinheiro de volta. Como tinhamos programado de visitar Salzburgo no dia seguinte e o bilhete familia servia, pedimos para ela alterar a data.<\/p>\n<p>Voltamos a Munich e fomos curtir mais 1 fim de tarde no parque.<\/p>\n<p><a title=\"Alemanha por Ney Estrabelli, no Flickr\" href=\"http:\/\/www.flickr.com\/photos\/neyestrabelli\/8732383839\/\"><img loading=\"lazy\" decoding=\"async\" alt=\"Alemanha\" src=\"http:\/\/farm8.staticflickr.com\/7305\/8732383839_999a9c0484.jpg\" width=\"500\" height=\"375\" \/><\/a><\/p>\n<p><a title=\"Alemanha por Ney Estrabelli, no Flickr\" href=\"http:\/\/www.flickr.com\/photos\/neyestrabelli\/8730896491\/\"><img loading=\"lazy\" decoding=\"async\" alt=\"Alemanha\" src=\"http:\/\/farm8.staticflickr.com\/7423\/8730896491_e42b41054a.jpg\" width=\"500\" height=\"375\" \/><\/a><\/p>\n<h2><strong>Dia 3 &#8211; 26\/04\/13 &#8211; Salzburgo<\/strong><\/h2>\n<p>Salzburgo \u00e9 uma pequena cidade da \u00c1ustria, muito conhecida por ser o ber\u00e7o de Mozart, ela fica a cerca de 2 horas de munich, vale a pena a visita e por ser poss\u00edvel chegar l\u00e1 utilizando o bilhete familia (Bayern Ticket) para at\u00e9 5 pessoas.<\/p>\n<p>N\u00e3o \u00e9 uma cidade barata para se conhecer pelo simples fato de que ela vive praticamente do turismo, demos uma voltinha pela cidade apenas, subimos at\u00e9 o p\u00e9 do castelo, mas n\u00e3o entramos.<\/p>\n<p>&nbsp;<\/p>\n<p><a title=\"Salzburgo por Ney Estrabelli, no Flickr\" href=\"http:\/\/www.flickr.com\/photos\/neyestrabelli\/8737422930\/\"><img loading=\"lazy\" decoding=\"async\" alt=\"Salzburgo\" src=\"http:\/\/farm8.staticflickr.com\/7287\/8737422930_4f90549e92.jpg\" width=\"500\" height=\"332\" \/><\/a><\/p>\n<p><a title=\"Salzburgo por Ney Estrabelli, no Flickr\" href=\"http:\/\/www.flickr.com\/photos\/neyestrabelli\/8736910103\/\"><img loading=\"lazy\" decoding=\"async\" alt=\"Salzburgo\" src=\"http:\/\/farm8.staticflickr.com\/7284\/8736910103_66e8ac10e6.jpg\" width=\"500\" height=\"332\" \/><\/a><\/p>\n<p><a title=\"Salzburgo por Ney Estrabelli, no Flickr\" href=\"http:\/\/www.flickr.com\/photos\/neyestrabelli\/8736284558\/\"><img loading=\"lazy\" decoding=\"async\" alt=\"Salzburgo\" src=\"http:\/\/farm8.staticflickr.com\/7305\/8736284558_6902bd480c.jpg\" width=\"500\" height=\"332\" \/><\/a><\/p>\n<p>Nos contentamos apenas em apreciar a cidade. Voltamos para Munich no fim da tarde.<\/p>\n<h2><strong>Dia 4 &#8211; 27\/04\/13 &#8211; Dachau<\/strong><\/h2>\n<p>Acordamos cedo e seguimos para Dachau, para ver o campo de concentra\u00e7\u00e3o. Compramos o bilhete familia, pois de fim de semana vale desde as 8hs da manh\u00e3.<\/p>\n<p>Como chegamos bem cedo, o campo estava praticamente vazio. Para quem n\u00e3o dava a m\u00ednima a guerra durante a escola, vale muito a pena a visita, al\u00e9m de ser gratuito.<\/p>\n<p>Pegamos 1 audio guia, para que a visita fosse mais interessante 3,50(euros).<\/p>\n<p><a title=\"DSC_0234 por Ney Estrabelli, no Flickr\" href=\"http:\/\/www.flickr.com\/photos\/neyestrabelli\/8737673792\/\"><img loading=\"lazy\" decoding=\"async\" alt=\"DSC_0234\" src=\"http:\/\/farm8.staticflickr.com\/7283\/8737673792_263bb21574.jpg\" width=\"500\" height=\"332\" \/><\/a><\/p>\n<p><a title=\"DSC_0254 por Ney Estrabelli, no Flickr\" href=\"http:\/\/www.flickr.com\/photos\/neyestrabelli\/8737904064\/\"><img loading=\"lazy\" decoding=\"async\" alt=\"DSC_0254\" src=\"http:\/\/farm8.staticflickr.com\/7282\/8737904064_20292bf5ae.jpg\" width=\"500\" height=\"332\" \/><\/a><\/p>\n<p>Essa visita \u00e9 poss\u00edvel fazer em umas 5 horas, acho que foi esse tempo que gastamos l\u00e1.<br \/>\nVoltamos para Munich e as garotas foram as compras no restinho da tarde e de noite fomos tomar mais algumas cervejas.<\/p>\n<h2><strong>Dia 5 &#8211; 28\/04\/13 &#8211; Munich<\/strong><\/h2>\n<p>Pegamos esse dia para descansar, j\u00e1 que ficamos na correria em todos os dias anteriores.<\/p>\n<p>Acordamos um pouco mais tarde, fizemos mais um volta pelo centro de Munich,visitamos alguns lugares e voltamos para arrumar as malas e seguir para nosso pr\u00f3ximo destino: Amsterdam.<\/p>\n<p>Compramos os tickets pela internet, tanto para conseguir um belo desconto e lugar, pois estava bem pr\u00f3ximo do dia da Rainha.<\/p>\n<p>Na verdade nosso amigo holand\u00eas foi quem comprou, pois o site da Ns Hispeed\u00a0\u00a0n\u00e3o deixa utilizar cart\u00e3o brasileiro para compra e a diferen\u00e7a de pre\u00e7o nas empresas aqui do Brasil era absurba.<\/p>\n<p>Pegamos o trem as 22hs e chegamos em Amsterdam as 8hs do dia 29.<\/p>\n<p>&nbsp;<\/p>\n<p><a title=\"DSC_0302 por Ney Estrabelli, no Flickr\" href=\"http:\/\/www.flickr.com\/photos\/neyestrabelli\/8737063385\/\"><img loading=\"lazy\" decoding=\"async\" alt=\"DSC_0302\" src=\"http:\/\/farm8.staticflickr.com\/7281\/8737063385_29e54dd6a4.jpg\" width=\"500\" height=\"332\" \/><\/a><\/p>\n<p><a title=\"DSC_0363 por Ney Estrabelli, no Flickr\" href=\"http:\/\/www.flickr.com\/photos\/neyestrabelli\/8737372457\/\"><img loading=\"lazy\" decoding=\"async\" alt=\"DSC_0363\" src=\"http:\/\/farm8.staticflickr.com\/7281\/8737372457_6b71e86b0d.jpg\" width=\"500\" height=\"332\" \/><\/a><\/p>\n<p>&nbsp;<\/p>\n<h2><strong>Dia 6 &#8211; 29\/04\/13 \u00a0&#8211; Amsterdam<\/strong><\/h2>\n<p>Embora a viagem tenha sido bem longa, achei muito confort\u00e1vel viajar de trem, n\u00f3s pegamos uma cabine para 6 pessoas, com uma esp\u00e9cie de cama, mas que se fez suficiente para descansar.<\/p>\n<p>&nbsp;<\/p>\n<p><a title=\"DSC_0366 por Ney Estrabelli, no Flickr\" href=\"http:\/\/www.flickr.com\/photos\/neyestrabelli\/8737383145\/\"><img loading=\"lazy\" decoding=\"async\" alt=\"DSC_0366\" src=\"http:\/\/farm8.staticflickr.com\/7288\/8737383145_675347743b.jpg\" width=\"500\" height=\"332\" \/><\/a><\/p>\n<p>&nbsp;<\/p>\n<p>Em Amsterdam preferimos alugar um apartamento, \u00a0isso porque \u00a0a cidade estava bem cheia por causa do evento.<\/p>\n<p>Alugamos o <a href=\"https:\/\/www.airbnb.com\/rooms\/595221\" target=\"_blank\" rel=\"noopener noreferrer\">apartamento pelo AirBnB<\/a>, segunda vez que utilizei o servi\u00e7o e continuo recomendando, nosso apartamento ficava bem pr\u00f3ximo ao VondelPark, o Tram que partia da esta\u00e7\u00e3o central tinha um ponto bem em frente do apartamento, super tranquilo de chegar.<\/p>\n<p>Deixamos as mochilas no ap\u00ea e seguimos para conhecer a cidade. Amsterdam \u00e9 praticamente toda plana, dificilmente se v\u00ea alguma subida, e claro dominada pelas bicicletas e pra n\u00e3o ficarmos de fora, alugamos bike j\u00e1 no primeiro dia.<\/p>\n<p>Demos um volta pela cidade e voltamos para conhecer o VondelPark .<\/p>\n<p><a title=\"Amsterdam por Ney Estrabelli, no Flickr\" href=\"http:\/\/www.flickr.com\/photos\/neyestrabelli\/8738316736\/\"><img loading=\"lazy\" decoding=\"async\" alt=\"Amsterdam\" src=\"http:\/\/farm8.staticflickr.com\/7284\/8738316736_4e3e3a4ba1.jpg\" width=\"500\" height=\"332\" \/><\/a><\/p>\n<p><a title=\"Amsterdam por Ney Estrabelli, no Flickr\" href=\"http:\/\/www.flickr.com\/photos\/neyestrabelli\/8737207239\/\"><img loading=\"lazy\" decoding=\"async\" alt=\"Amsterdam\" src=\"http:\/\/farm8.staticflickr.com\/7286\/8737207239_a529db352e.jpg\" width=\"500\" height=\"332\" \/><\/a><\/p>\n<p>Entregamos as bicicletas e fomos conhecer um pouco mais da cidade a p\u00e9.<\/p>\n<p><a title=\"Amsterdam por Ney Estrabelli, no Flickr\" href=\"http:\/\/www.flickr.com\/photos\/neyestrabelli\/8738359156\/\"><img loading=\"lazy\" decoding=\"async\" alt=\"Amsterdam\" src=\"http:\/\/farm8.staticflickr.com\/7282\/8738359156_e88fd4d979.jpg\" width=\"500\" height=\"332\" \/><\/a><\/p>\n<p><a title=\"Amsterdam por Ney Estrabelli, no Flickr\" href=\"http:\/\/www.flickr.com\/photos\/neyestrabelli\/8738374628\/\"><img loading=\"lazy\" decoding=\"async\" alt=\"Amsterdam\" src=\"http:\/\/farm8.staticflickr.com\/7283\/8738374628_d1672471e7.jpg\" width=\"500\" height=\"332\" \/><\/a><\/p>\n<p>&nbsp;<\/p>\n<h2><strong>Dia 7 &#8211; 30\/04\/13 &#8211; Amsterdam &#8211; Dia da Rainha (agora Rei rs)<\/strong><\/h2>\n<p>Dia 30\/04 entrou para a hist\u00f3ria em Amsterdam e me sinto feliz de ter participado desse grande evento.<\/p>\n<p>A cidade inteira para para celebrar este grande dia, neste a Rainha abdicou do trono passando o poder para seu filho.<\/p>\n<p>N\u00e3o tem muito o que falar deste dia, por isso vou colocar algumas fotos para ilustrar :).<\/p>\n<p>&nbsp;<\/p>\n<p><a title=\"Amsterdam por Ney Estrabelli, no Flickr\" href=\"http:\/\/www.flickr.com\/photos\/neyestrabelli\/8737280191\/\"><img loading=\"lazy\" decoding=\"async\" alt=\"Amsterdam\" src=\"http:\/\/farm8.staticflickr.com\/7282\/8737280191_6cce6c3795.jpg\" width=\"500\" height=\"332\" \/><\/a><\/p>\n<p><a title=\"Amsterdam por Ney Estrabelli, no Flickr\" href=\"http:\/\/www.flickr.com\/photos\/neyestrabelli\/8737286409\/\"><img loading=\"lazy\" decoding=\"async\" alt=\"Amsterdam\" src=\"http:\/\/farm8.staticflickr.com\/7281\/8737286409_5c70d4cd9d.jpg\" width=\"500\" height=\"332\" \/><\/a><\/p>\n<p><a title=\"Amsterdam por Ney Estrabelli, no Flickr\" href=\"http:\/\/www.flickr.com\/photos\/neyestrabelli\/8737293013\/\"><img loading=\"lazy\" decoding=\"async\" alt=\"Amsterdam\" src=\"http:\/\/farm8.staticflickr.com\/7287\/8737293013_e2f87613b1.jpg\" width=\"500\" height=\"332\" \/><\/a><\/p>\n<p><a title=\"Amsterdam por Ney Estrabelli, no Flickr\" href=\"http:\/\/www.flickr.com\/photos\/neyestrabelli\/8737328743\/\"><img loading=\"lazy\" decoding=\"async\" alt=\"Amsterdam\" src=\"http:\/\/farm8.staticflickr.com\/7287\/8737328743_482df85e7c.jpg\" width=\"500\" height=\"332\" \/><\/a><\/p>\n<p><a title=\"Amsterdam por Ney Estrabelli, no Flickr\" href=\"http:\/\/www.flickr.com\/photos\/neyestrabelli\/8737365719\/\"><img loading=\"lazy\" decoding=\"async\" alt=\"Amsterdam\" src=\"http:\/\/farm8.staticflickr.com\/7287\/8737365719_7b5124c57d.jpg\" width=\"500\" height=\"332\" \/><\/a><\/p>\n<p><a title=\"Amsterdam por Ney Estrabelli, no Flickr\" href=\"http:\/\/www.flickr.com\/photos\/neyestrabelli\/8737367799\/\"><img loading=\"lazy\" decoding=\"async\" alt=\"Amsterdam\" src=\"http:\/\/farm8.staticflickr.com\/7281\/8737367799_5b0ef7cb76.jpg\" width=\"500\" height=\"332\" \/><\/a><\/p>\n<p>Na verdade tinha sim um ponto a se falar deste dia, andando pela cidade ao passarmos pela frente do corpo de bombeiros vimos que eles estavam arrecadando dinheiro para uma institui\u00e7\u00e3o que cuida de pessoas que sofreram queimaduras, e al\u00e9m de pode contribuir com essa causa voc\u00ea podia ter uma vista privilegiada de Amsterdam:<\/p>\n<p>&nbsp;<\/p>\n<p><a title=\"Amsterdam por Ney Estrabelli, no Flickr\" href=\"http:\/\/www.flickr.com\/photos\/neyestrabelli\/8737341399\/\"><img loading=\"lazy\" decoding=\"async\" alt=\"Amsterdam\" src=\"http:\/\/farm8.staticflickr.com\/7288\/8737341399_4845204150.jpg\" width=\"500\" height=\"332\" \/><\/a><\/p>\n<p><a title=\"Amsterdam por Ney Estrabelli, no Flickr\" href=\"http:\/\/www.flickr.com\/photos\/neyestrabelli\/8737345839\/\"><img loading=\"lazy\" decoding=\"async\" alt=\"Amsterdam\" src=\"http:\/\/farm8.staticflickr.com\/7282\/8737345839_ae6a0e9b0e.jpg\" width=\"500\" height=\"332\" \/><\/a><\/p>\n<p><a title=\"Amsterdam por Ney Estrabelli, no Flickr\" href=\"http:\/\/www.flickr.com\/photos\/neyestrabelli\/8738467916\/\"><img loading=\"lazy\" decoding=\"async\" alt=\"Amsterdam\" src=\"http:\/\/farm8.staticflickr.com\/7282\/8738467916_70dda72a1a.jpg\" width=\"500\" height=\"332\" \/><\/a><\/p>\n<p>&nbsp;<\/p>\n<h2>Dia \u00a08 01\/05\/13 &#8211; Amsterdam<\/h2>\n<p>Alugamos novamente as bikes e desta vez decidimos fazer uma rota ao inv\u00e9s de apenas andar pela cidade.<\/p>\n<p>Nosso primeiro ponto de parada foi a casa de Anne Frank<\/p>\n<p><a title=\"Amsterdam por Ney Estrabelli, no Flickr\" href=\"http:\/\/www.flickr.com\/photos\/neyestrabelli\/8732752715\/\"><img loading=\"lazy\" decoding=\"async\" alt=\"Amsterdam\" src=\"http:\/\/farm8.staticflickr.com\/7316\/8732752715_0c3fc5dbb1.jpg\" width=\"500\" height=\"375\" \/><\/a><\/p>\n<p>Chegamos l\u00e1 por volta das 10hs, estavam relativamente vazio, acredito que tinha cerca de 20 pessoas na nossa frente. \u00c9 muito emocionante poder visitar um lugar como esse e ver a hist\u00f3ria do que aconteceu.<br \/>\nMais um lugar onde n\u00e3o se pode tirar fotos, mas vale muito a pena visitar, tem muita coisa intacta, principalmente do quarto dela.<\/p>\n<p>Demoramos cerca de 1:30hs, sa\u00edmos, pegamos as bikes e seguimos para a esta\u00e7\u00e3o central, para comprarmos os bilhetes para visitar Keukenhof no dia seguinte e o trem de ida para Bruxelas.<\/p>\n<p><a title=\"Amsterdam por Ney Estrabelli, no Flickr\" href=\"http:\/\/www.flickr.com\/photos\/neyestrabelli\/8733674978\/\"><img loading=\"lazy\" decoding=\"async\" alt=\"Amsterdam\" src=\"http:\/\/farm8.staticflickr.com\/7301\/8733674978_b9bf34517c.jpg\" width=\"500\" height=\"375\" \/><\/a><\/p>\n<p><a title=\"Amsterdam por Ney Estrabelli, no Flickr\" href=\"http:\/\/www.flickr.com\/photos\/neyestrabelli\/8733831348\/\"><img loading=\"lazy\" decoding=\"async\" alt=\"Amsterdam\" src=\"http:\/\/farm8.staticflickr.com\/7300\/8733831348_3b1646969f.jpg\" width=\"375\" height=\"500\" \/><\/a><\/p>\n<p>Andamos mais um pouco pela cidade e voltamos, pois t\u00ednhamos marcado de conhecer nosso amigo holand\u00eas, que at\u00e9 ent\u00e3o o conhec\u00edamos somente pela internet :).<\/p>\n<p>Fomos em um bar bem t\u00edpico holand\u00eas, bebemos algumas cervejas e comemos uma bela sopa.<br \/>\nDepois do bate papo, seguimos a p\u00e9 at\u00e9 o apartamento, mas antes passamos pelo Red Light District.<\/p>\n<h2>Dia 9 &#8211; 02\/05\/13 &#8211; Keukenhof<\/h2>\n<p>Chegamos em Keukenhof por volta das 11hs, acredito que foi o dia mais frio da viagem pois estava ventando muito.<br \/>\nN\u00e3o sei muito o que falar sobre esse dia, ent\u00e3o vamos as fotos:<\/p>\n<p><a title=\"Amsterdam por Ney Estrabelli, no Flickr\" href=\"http:\/\/www.flickr.com\/photos\/neyestrabelli\/8738540362\/\"><img loading=\"lazy\" decoding=\"async\" alt=\"Amsterdam\" src=\"http:\/\/farm8.staticflickr.com\/7282\/8738540362_e0b6164c20.jpg\" width=\"500\" height=\"332\" \/><\/a><\/p>\n<p><a title=\"Amsterdam por Ney Estrabelli, no Flickr\" href=\"http:\/\/www.flickr.com\/photos\/neyestrabelli\/8738614302\/\"><img loading=\"lazy\" decoding=\"async\" alt=\"Amsterdam\" src=\"http:\/\/farm8.staticflickr.com\/7288\/8738614302_03cd3343e2.jpg\" width=\"500\" height=\"332\" \/><\/a><\/p>\n<p><a title=\"Amsterdam por Ney Estrabelli, no Flickr\" href=\"http:\/\/www.flickr.com\/photos\/neyestrabelli\/8738710274\/\"><img loading=\"lazy\" decoding=\"async\" alt=\"Amsterdam\" src=\"http:\/\/farm8.staticflickr.com\/7286\/8738710274_5213979f2b.jpg\" width=\"500\" height=\"332\" \/><\/a><\/p>\n<p>Uma paradinha para uma partida de xadrez:<\/p>\n<p><a title=\"Amsterdam por Ney Estrabelli, no Flickr\" href=\"http:\/\/www.flickr.com\/photos\/neyestrabelli\/8738519338\/\"><img loading=\"lazy\" decoding=\"async\" alt=\"Amsterdam\" src=\"http:\/\/farm8.staticflickr.com\/7281\/8738519338_0a44f2f04d.jpg\" width=\"500\" height=\"332\" \/><\/a><\/p>\n<p><a title=\"Amsterdam por Ney Estrabelli, no Flickr\" href=\"http:\/\/www.flickr.com\/photos\/neyestrabelli\/8737720321\/\"><img loading=\"lazy\" decoding=\"async\" alt=\"Amsterdam\" src=\"http:\/\/farm8.staticflickr.com\/7287\/8737720321_0b1a592652.jpg\" width=\"500\" height=\"332\" \/><\/a><\/p>\n<p><a title=\"Amsterdam por Ney Estrabelli, no Flickr\" href=\"http:\/\/www.flickr.com\/photos\/neyestrabelli\/8737737789\/\"><img loading=\"lazy\" decoding=\"async\" alt=\"Amsterdam\" src=\"http:\/\/farm8.staticflickr.com\/7283\/8737737789_f7db538d82.jpg\" width=\"500\" height=\"332\" \/><\/a><\/p>\n<p><a title=\"Amsterdam por Ney Estrabelli, no Flickr\" href=\"http:\/\/www.flickr.com\/photos\/neyestrabelli\/8738890820\/\"><img loading=\"lazy\" decoding=\"async\" alt=\"Amsterdam\" src=\"http:\/\/farm8.staticflickr.com\/7283\/8738890820_8286ab817b.jpg\" width=\"500\" height=\"332\" \/><\/a><\/p>\n<p>&nbsp;<\/p>\n<h2>Dia 10 &#8211; 03\/05\/13 &#8211; Bruxelas<\/h2>\n<p>Como no apartamento de Amsterdam tinha uma lavadora e secadora de roupas, aproveitamos para lavar nossas roupas.<\/p>\n<p>Arrumamos nossas mochilas e seguimos para Bruxelas, de Amsterdam at\u00e9 l\u00e1 s\u00e3o cerca de 1:30, se voc\u00ea optar pelo trem mais r\u00e1pido, este n\u00e3o foi o nosso caso, quer\u00edamos economizar um pouco por isso pegamos o mais lerdinho rs, 39 euros.<\/p>\n<p>Em Bruxelas, conseguimos uma \u00f3tima promo\u00e7\u00e3o no <a href=\"http:\/\/www.aloftbrussels.com\/\">Aloft Brussels<\/a>, um hotel conceitual, com direito a uma sala de Wii e academia. Praticamente nossos \u00fanicos dias de luxo nessa viagem rs.<\/p>\n<p>Chegamos por volta das 15hs, aproveitamos para dar uma descansada no hotel e seguimos para o centro para praticamente jantar e conhecer as cervejas locais.<\/p>\n<p>Tamb\u00e9m aproveitamos para comprar o trem de Bruxelas para Paris, ficou em 74 euros, s\u00f3 tinha trem expresso.<\/p>\n<p><a title=\"Bruxelas por Ney Estrabelli, no Flickr\" href=\"http:\/\/www.flickr.com\/photos\/neyestrabelli\/8734712521\/\"><img loading=\"lazy\" decoding=\"async\" alt=\"Bruxelas\" src=\"http:\/\/farm8.staticflickr.com\/7291\/8734712521_902feb597a.jpg\" width=\"500\" height=\"375\" \/><\/a><br \/>\n<a title=\"Bruxelas por Ney Estrabelli, no Flickr\" href=\"http:\/\/www.flickr.com\/photos\/neyestrabelli\/8735663426\/\"><img loading=\"lazy\" decoding=\"async\" alt=\"Bruxelas\" src=\"http:\/\/farm8.staticflickr.com\/7322\/8735663426_21777b65b5.jpg\" width=\"500\" height=\"375\" \/><\/a><br \/>\n<a title=\"Bruxelas por Ney Estrabelli, no Flickr\" href=\"http:\/\/www.flickr.com\/photos\/neyestrabelli\/8735938382\/\"><img loading=\"lazy\" decoding=\"async\" alt=\"Bruxelas\" src=\"http:\/\/farm8.staticflickr.com\/7323\/8735938382_d7c464e1c1.jpg\" width=\"500\" height=\"375\" \/><\/a><\/p>\n<p><a title=\"Bruxelas por Ney Estrabelli, no Flickr\" href=\"http:\/\/www.flickr.com\/photos\/neyestrabelli\/8735963842\/\"><img loading=\"lazy\" decoding=\"async\" alt=\"Bruxelas\" src=\"http:\/\/farm8.staticflickr.com\/7287\/8735963842_d0abb16b34.jpg\" width=\"375\" height=\"500\" \/><\/a><\/p>\n<p>Voltamos para o Hotel e apenas descansamos.<\/p>\n<h2>Dia 11 &#8211; 04\/05\/13 &#8211; Bruxelas<\/h2>\n<p>Acordamos um pouco mais tarde e seguimos novamente para o centro, desta vez para conhecer monumentos e igrejas.<br \/>\nE aproveitar a cerveja barata para comemorarmos nossa viagem :).<br \/>\n<a title=\"Bruxelas por Ney Estrabelli, no Flickr\" href=\"http:\/\/www.flickr.com\/photos\/neyestrabelli\/8738954984\/\"><img loading=\"lazy\" decoding=\"async\" alt=\"Bruxelas\" src=\"http:\/\/farm8.staticflickr.com\/7283\/8738954984_f84ceb4b00.jpg\" width=\"500\" height=\"332\" \/><\/a><\/p>\n<p><a title=\"Bruxelas por Ney Estrabelli, no Flickr\" href=\"http:\/\/www.flickr.com\/photos\/neyestrabelli\/8738998474\/\"><img loading=\"lazy\" decoding=\"async\" alt=\"Bruxelas\" src=\"http:\/\/farm8.staticflickr.com\/7284\/8738998474_9958d379b8.jpg\" width=\"500\" height=\"332\" \/><\/a><\/p>\n<p><a title=\"Bruxelas por Ney Estrabelli, no Flickr\" href=\"http:\/\/www.flickr.com\/photos\/neyestrabelli\/8739036742\/\"><img loading=\"lazy\" decoding=\"async\" alt=\"Bruxelas\" src=\"http:\/\/farm8.staticflickr.com\/7281\/8739036742_6bdb6b96c7.jpg\" width=\"500\" height=\"332\" \/><\/a><\/p>\n<p><a title=\"Bruxelas por Ney Estrabelli, no Flickr\" href=\"http:\/\/www.flickr.com\/photos\/neyestrabelli\/8737957635\/\"><img loading=\"lazy\" decoding=\"async\" alt=\"Bruxelas\" src=\"http:\/\/farm8.staticflickr.com\/7282\/8737957635_c4414c6a1e.jpg\" width=\"500\" height=\"332\" \/><\/a><\/p>\n<p><a title=\"Bruxelas por Ney Estrabelli, no Flickr\" href=\"http:\/\/www.flickr.com\/photos\/neyestrabelli\/8738023365\/\"><img loading=\"lazy\" decoding=\"async\" alt=\"Bruxelas\" src=\"http:\/\/farm8.staticflickr.com\/7287\/8738023365_bce9e529f7.jpg\" width=\"500\" height=\"332\" \/><\/a><\/p>\n<p>Voltamos para o Hotel, fizemos nossa comemora\u00e7\u00e3o e descemos para jogar um pouco de Wii, afinal todo mundo com um pouco de efeito alc\u00f3olico iria querer dan\u00e7ar Just Dance .<\/p>\n<p><a title=\"Bruxelas por Ney Estrabelli, no Flickr\" href=\"http:\/\/www.flickr.com\/photos\/neyestrabelli\/8736150942\/\"><img loading=\"lazy\" decoding=\"async\" alt=\"Bruxelas\" src=\"http:\/\/farm8.staticflickr.com\/7291\/8736150942_d3792759df.jpg\" width=\"500\" height=\"375\" \/><\/a><\/p>\n<p><a title=\"Bruxelas por Ney Estrabelli, no Flickr\" href=\"http:\/\/www.flickr.com\/photos\/neyestrabelli\/8735044759\/\"><img loading=\"lazy\" decoding=\"async\" alt=\"Bruxelas\" src=\"http:\/\/farm8.staticflickr.com\/7285\/8735044759_8f48939efc.jpg\" width=\"500\" height=\"375\" \/><\/a><\/p>\n<h2>Dia 12 &#8211; 05\/05\/13 &#8211; Bruxelas &#8211; Paris<\/h2>\n<p>Devido a longa jogatina no dia anterior ficamos bem cansados e acordamos um pouco tarde, apenas fizemos o check-out e seguimos para a esta\u00e7\u00e3o de trem.<\/p>\n<p>Chegamos em Paris por volta das 15hs, a viagem durou cerca de 2 horas.<\/p>\n<p>Em Paris tamb\u00e9m alugamos um <a href=\"https:\/\/www.airbnb.com\/rooms\/215590\" target=\"_blank\" rel=\"noopener noreferrer\">apartamento pelo AirBnB<\/a>, bem pr\u00f3ximo a esta\u00e7\u00e3o Hotel de Ville, o \u00fanico contra deste apartamento era ser no \u00a0quinto andar e n\u00e3o ter elevador.<\/p>\n<p>Como era domingo aproveitamos para ir no Louvre j\u00e1 que era gratuito, fizemos uma visita r\u00e1pida pois ele fechava as 18hs, mas deu para ver bastante coisa, inclusive a Monalisa.<br \/>\n<a title=\"Sem t\u00edtulo por Ney Estrabelli, no Flickr\" href=\"http:\/\/www.flickr.com\/photos\/neyestrabelli\/8712173286\/\"><img loading=\"lazy\" decoding=\"async\" alt=\"Sem t\u00edtulo\" src=\"http:\/\/farm9.staticflickr.com\/8542\/8712173286_00ccff3989.jpg\" width=\"500\" height=\"375\" \/><\/a><\/p>\n<p><a title=\"Sem t\u00edtulo por Ney Estrabelli, no Flickr\" href=\"http:\/\/www.flickr.com\/photos\/neyestrabelli\/8711069927\/\"><img loading=\"lazy\" decoding=\"async\" alt=\"Sem t\u00edtulo\" src=\"http:\/\/farm9.staticflickr.com\/8535\/8711069927_7618e51d4d.jpg\" width=\"375\" height=\"500\" \/><\/a><\/p>\n<p>Sa\u00edmos do Louvre e fomos atr\u00e1s de comprar tickets para a Disney no dia seguinte. Cada ticket ficou 86 euros, com direito a trem de ida e volta e os 2 parques.<\/p>\n<p><a title=\"Disney por Ney Estrabelli, no Flickr\" href=\"http:\/\/www.flickr.com\/photos\/neyestrabelli\/8739392962\/\"><img loading=\"lazy\" decoding=\"async\" alt=\"Disney\" src=\"http:\/\/farm8.staticflickr.com\/7281\/8739392962_f1d15ec7aa.jpg\" width=\"500\" height=\"375\" \/><\/a><\/p>\n<h2>Dia 13 &#8211; 06\/05\/13 &#8211; Paris &#8211; Disney<\/h2>\n<p>Se assim como eu, voc\u00ea ainda n\u00e3o teve oportunidade de visitar a Disney Americana, recomendo que voc\u00ea visite a Disney Paris. Mesmo que todos que voc\u00ea conhe\u00e7a diga que ela \u00e9 pequena, ou que \u00e9 cara, etc.<\/p>\n<p>\u00c9 poss\u00edvel visitar os 2 parques em 1 dia, claro que voc\u00ea ter\u00e1 que deixar algumas atra\u00e7\u00f5es, mas isso n\u00e3o afeta no quesito divers\u00e3o.<\/p>\n<p>Chegar na Disney \u00e9 super tranquilo, a esta\u00e7\u00e3o de trem \u00e9 na porta da Disney.<\/p>\n<p><a title=\"Disney por Ney Estrabelli, no Flickr\" href=\"http:\/\/www.flickr.com\/photos\/neyestrabelli\/8739173568\/\"><img loading=\"lazy\" decoding=\"async\" alt=\"Disney\" src=\"http:\/\/farm8.staticflickr.com\/7284\/8739173568_85e7de13a3.jpg\" width=\"500\" height=\"332\" \/><\/a><\/p>\n<p><a title=\"Disney por Ney Estrabelli, no Flickr\" href=\"http:\/\/www.flickr.com\/photos\/neyestrabelli\/8739223210\/\"><img loading=\"lazy\" decoding=\"async\" alt=\"Disney\" src=\"http:\/\/farm8.staticflickr.com\/7287\/8739223210_a646fda37e.jpg\" width=\"500\" height=\"332\" \/><\/a><\/p>\n<p><a title=\"Disney por Ney Estrabelli, no Flickr\" href=\"http:\/\/www.flickr.com\/photos\/neyestrabelli\/8739267386\/\"><img loading=\"lazy\" decoding=\"async\" alt=\"Disney\" src=\"http:\/\/farm8.staticflickr.com\/7285\/8739267386_f028b54cd8.jpg\" width=\"500\" height=\"332\" \/><\/a><\/p>\n<p><a title=\"Disney por Ney Estrabelli, no Flickr\" href=\"http:\/\/www.flickr.com\/photos\/neyestrabelli\/8739287296\/\"><img loading=\"lazy\" decoding=\"async\" alt=\"Disney\" src=\"http:\/\/farm8.staticflickr.com\/7285\/8739287296_6866a7d051.jpg\" width=\"500\" height=\"332\" \/><\/a><\/p>\n<p><a title=\"Disney por Ney Estrabelli, no Flickr\" href=\"http:\/\/www.flickr.com\/photos\/neyestrabelli\/8739297294\/\"><img loading=\"lazy\" decoding=\"async\" alt=\"Disney\" src=\"http:\/\/farm8.staticflickr.com\/7287\/8739297294_2e4381879c.jpg\" width=\"500\" height=\"332\" \/><\/a><\/p>\n<p><a title=\"Disney por Ney Estrabelli, no Flickr\" href=\"http:\/\/www.flickr.com\/photos\/neyestrabelli\/8739364234\/\"><img loading=\"lazy\" decoding=\"async\" alt=\"Disney\" src=\"http:\/\/farm8.staticflickr.com\/7283\/8739364234_6aea50352f.jpg\" width=\"500\" height=\"332\" \/><\/a><\/p>\n<p><a title=\"Disney por Ney Estrabelli, no Flickr\" href=\"http:\/\/www.flickr.com\/photos\/neyestrabelli\/8739397402\/\"><img loading=\"lazy\" decoding=\"async\" alt=\"Disney\" src=\"http:\/\/farm8.staticflickr.com\/7288\/8739397402_92dda517a9.jpg\" width=\"500\" height=\"332\" \/><\/a><\/p>\n<p><a title=\"Disney por Ney Estrabelli, no Flickr\" href=\"http:\/\/www.flickr.com\/photos\/neyestrabelli\/8739483510\/\"><img loading=\"lazy\" decoding=\"async\" alt=\"Disney\" src=\"http:\/\/farm8.staticflickr.com\/7286\/8739483510_0bc0085af7.jpg\" width=\"500\" height=\"332\" \/><\/a><\/p>\n<p><a title=\"Disney por Ney Estrabelli, no Flickr\" href=\"http:\/\/www.flickr.com\/photos\/neyestrabelli\/8739492292\/\"><img loading=\"lazy\" decoding=\"async\" alt=\"Disney\" src=\"http:\/\/farm8.staticflickr.com\/7282\/8739492292_194f9bcb17.jpg\" width=\"500\" height=\"332\" \/><\/a><\/p>\n<p>&nbsp;<\/p>\n<h2>Dia 14 &#8211; 07\/05\/13 &#8211; Paris<\/h2>\n<p>Sa\u00edmos pela manh\u00e3 e seguimos em dire\u00e7\u00e3o as Catacumbas, passamos antes pelo Pantheon e Jardim de Luxemburgo .<br \/>\n<a title=\"Paris por Ney Estrabelli, no Flickr\" href=\"http:\/\/www.flickr.com\/photos\/neyestrabelli\/8739524066\/\"><img loading=\"lazy\" decoding=\"async\" alt=\"Paris\" src=\"http:\/\/farm8.staticflickr.com\/7283\/8739524066_e5507ef210.jpg\" width=\"500\" height=\"332\" \/><\/a><\/p>\n<p><a title=\"Paris por Ney Estrabelli, no Flickr\" href=\"http:\/\/www.flickr.com\/photos\/neyestrabelli\/8739584926\/\"><img loading=\"lazy\" decoding=\"async\" alt=\"Paris\" src=\"http:\/\/farm8.staticflickr.com\/7283\/8739584926_9425b9ab7e.jpg\" width=\"500\" height=\"332\" \/><\/a><\/p>\n<p><a title=\"Paris por Ney Estrabelli, no Flickr\" href=\"http:\/\/www.flickr.com\/photos\/neyestrabelli\/8738512821\/\"><img loading=\"lazy\" decoding=\"async\" alt=\"Paris\" src=\"http:\/\/farm8.staticflickr.com\/7284\/8738512821_b0e89e7077.jpg\" width=\"500\" height=\"332\" \/><\/a><\/p>\n<p>Quando fomos em Dezembro de 2011, n\u00e3o pegamos fila nenhuma para visitar as Catacumbas, por\u00e9m desta vez demoramos umas 2 horas na fila.<\/p>\n<p><a title=\"Paris por Ney Estrabelli, no Flickr\" href=\"http:\/\/www.flickr.com\/photos\/neyestrabelli\/8738535895\/\"><img loading=\"lazy\" decoding=\"async\" alt=\"Paris\" src=\"http:\/\/farm8.staticflickr.com\/7286\/8738535895_532f5c6465.jpg\" width=\"500\" height=\"332\" \/><\/a><\/p>\n<p><a title=\"Paris por Ney Estrabelli, no Flickr\" href=\"http:\/\/www.flickr.com\/photos\/neyestrabelli\/8739663086\/\"><img loading=\"lazy\" decoding=\"async\" alt=\"Paris\" src=\"http:\/\/farm8.staticflickr.com\/7288\/8739663086_e63a15bda7.jpg\" width=\"500\" height=\"332\" \/><\/a><\/p>\n<p>Voltamos para o apartamento, eu estava meio zuado da gripe ent\u00e3o preferi descansar, os demais seguiram para subir na Torre Eiffel, eu e minha namorada n\u00e3o quer\u00edamos subir novamente.<\/p>\n<h2>Dia 15 &#8211; 08\/05\/13 &#8211; Paris<\/h2>\n<p>Acordei bem melhor da gripe e de volta a ativa rs.<br \/>\nTomamos caf\u00e9 da manh\u00e3 e seguimos para o Les Invalides.<\/p>\n<p><a title=\"Paris por Ney Estrabelli, no Flickr\" href=\"http:\/\/www.flickr.com\/photos\/neyestrabelli\/8738559105\/\"><img loading=\"lazy\" decoding=\"async\" alt=\"Paris\" src=\"http:\/\/farm8.staticflickr.com\/7284\/8738559105_4998effdac.jpg\" width=\"500\" height=\"332\" \/><\/a><\/p>\n<p><a title=\"Paris por Ney Estrabelli, no Flickr\" href=\"http:\/\/www.flickr.com\/photos\/neyestrabelli\/8738669585\/\"><img loading=\"lazy\" decoding=\"async\" alt=\"Paris\" src=\"http:\/\/farm8.staticflickr.com\/7284\/8738669585_3684865407.jpg\" width=\"500\" height=\"332\" \/><\/a><\/p>\n<p>De l\u00e1 seguimos para o Museu de Arte Natural:<\/p>\n<p><a title=\"Paris por Ney Estrabelli, no Flickr\" href=\"http:\/\/www.flickr.com\/photos\/neyestrabelli\/8738783849\/\"><img loading=\"lazy\" decoding=\"async\" alt=\"Paris\" src=\"http:\/\/farm8.staticflickr.com\/7288\/8738783849_b38e3f563d.jpg\" width=\"500\" height=\"332\" \/><\/a><\/p>\n<p><a title=\"Paris por Ney Estrabelli, no Flickr\" href=\"http:\/\/www.flickr.com\/photos\/neyestrabelli\/8739987646\/\"><img loading=\"lazy\" decoding=\"async\" alt=\"Paris\" src=\"http:\/\/farm8.staticflickr.com\/7282\/8739987646_dd3f790783.jpg\" width=\"500\" height=\"332\" \/><\/a><\/p>\n<p><a title=\"Paris por Ney Estrabelli, no Flickr\" href=\"http:\/\/www.flickr.com\/photos\/neyestrabelli\/8739993596\/\"><img loading=\"lazy\" decoding=\"async\" alt=\"Paris\" src=\"http:\/\/farm8.staticflickr.com\/7288\/8739993596_644aec5d99.jpg\" width=\"332\" height=\"500\" \/><\/a><\/p>\n<p>E Por fim seguimos at\u00e9 a Sacr\u00e9 Coeur e Moulin Rouge:<\/p>\n<p><a title=\"Paris por Ney Estrabelli, no Flickr\" href=\"http:\/\/www.flickr.com\/photos\/neyestrabelli\/8738892923\/\"><img loading=\"lazy\" decoding=\"async\" alt=\"Paris\" src=\"http:\/\/farm8.staticflickr.com\/7285\/8738892923_c4b8e4c064.jpg\" width=\"500\" height=\"332\" \/><\/a><\/p>\n<p><a title=\"Paris por Ney Estrabelli, no Flickr\" href=\"http:\/\/www.flickr.com\/photos\/neyestrabelli\/8740045608\/\"><img loading=\"lazy\" decoding=\"async\" alt=\"Paris\" src=\"http:\/\/farm8.staticflickr.com\/7294\/8740045608_4b107ac483.jpg\" width=\"500\" height=\"332\" \/><\/a><\/p>\n<h2>Dia 16 &#8211; 09\/05\/13 &#8211; Paris<\/h2>\n<p>Um dia mais tranquilo, seguimos para o Arco do Triunfo, Ladur\u00e9e, e Torre Eiffel.<\/p>\n<p><a title=\"Paris por Ney Estrabelli, no Flickr\" href=\"http:\/\/www.flickr.com\/photos\/neyestrabelli\/8740096242\/\"><img loading=\"lazy\" decoding=\"async\" alt=\"Paris\" src=\"http:\/\/farm8.staticflickr.com\/7281\/8740096242_f17d435d7e.jpg\" width=\"500\" height=\"332\" \/><\/a><\/p>\n<p><a title=\"Paris por Ney Estrabelli, no Flickr\" href=\"http:\/\/www.flickr.com\/photos\/neyestrabelli\/8738996243\/\"><img loading=\"lazy\" decoding=\"async\" alt=\"Paris\" src=\"http:\/\/farm8.staticflickr.com\/7294\/8738996243_c89345ac13.jpg\" width=\"332\" height=\"500\" \/><\/a><\/p>\n<p><a title=\"Paris por Ney Estrabelli, no Flickr\" href=\"http:\/\/www.flickr.com\/photos\/neyestrabelli\/8738734373\/\"><img loading=\"lazy\" decoding=\"async\" alt=\"Paris\" src=\"http:\/\/farm8.staticflickr.com\/7282\/8738734373_42923df6c3.jpg\" width=\"332\" height=\"500\" \/><\/a><\/p>\n<p><a title=\"Paris por Ney Estrabelli, no Flickr\" href=\"http:\/\/www.flickr.com\/photos\/neyestrabelli\/8738746353\/\"><img loading=\"lazy\" decoding=\"async\" alt=\"Paris\" src=\"http:\/\/farm8.staticflickr.com\/7285\/8738746353_077d9b3316.jpg\" width=\"332\" height=\"500\" \/><\/a><\/p>\n<h2>Dia 17 10\/05\/13 &#8211; Paris<\/h2>\n<p>E acabou-se mais uma trip, usamos esse dia para comprar alguns presentes e descansar pois nosso v\u00f4o iria sair as 7hs da manh\u00e3 do dia 11\/05, o que foi um problema para a gente rs.<\/p>\n<p>Sa\u00edmos do apartamento as 22hs e seguimos para a esta\u00e7\u00e3o, compramos o ticket para o Aeroporto Orly, por\u00e9m s\u00f3 chegamos na esta\u00e7\u00e3o por volta das 23:30hs e j\u00e1 n\u00e3o tinha mais trem para o aeroporto, n\u00e3o sabiamos deste hor\u00e1rio. Por sorte pegamos um taxi que ficou 6 euros por pessoa.<\/p>\n<p>Se voc\u00ea quer saber se dormimos no aeroporto, a resposta \u00e9 sim, tomamos 5 horas de ch\u00e1 de cadeira.<\/p>\n<p>E assim acabou nossa incr\u00edvel trip, caso voc\u00ea tenha d\u00favidas sobre pre\u00e7o de algo pode perguntar.<\/p>\n<p>Essa viagem custou por volta de 6 mil reais por pessoa, inclu\u00edndo a passagem a\u00e9rea, portanto mais ou menos 2 mil de passagem e 4 mil para se manter e deslocar.<\/p>\n<p>&nbsp;<\/p>\n<p>Como voc\u00eas viram tirei muitas fotos e voc\u00ea pode ver mais no meu Flickr:\u00a0<a href=\"http:\/\/www.flickr.com\/photos\/neyestrabelli\/collections\/72157633496642070\/\" target=\"_blank\" rel=\"noopener noreferrer\">http:\/\/www.flickr.com\/photos\/neyestrabelli\/collections\/72157633496642070\/<\/a><\/p>\n","protected":false},"excerpt":{"rendered":"<p>Mais uma Eurotrip, desta vez conhecendo 5 pa\u00edses (4 novos para mim e minha namorada ), Alemanha, \u00c1ustria, Holanda, B\u00e9lgica e Fran\u00e7a. Para come\u00e7ar, dessa vez fomos em um grupo de 6 pessoas, o que ajudou bem no custo de hospedagem. Nossa viagem come\u00e7ou por Munich &#8211; Alemanha (24\/04\/13), uma cidade muito bonita e pequena. [&hellip;]<\/p>\n","protected":false},"author":1,"featured_media":0,"comment_status":"open","ping_status":"open","sticky":false,"template":"","format":"standard","meta":{"om_disable_all_campaigns":false,"_jetpack_memberships_contains_paid_content":false,"footnotes":""},"categories":[4,13],"tags":[22,23,28,33,34,59,65,73,109,168],"class_list":["post-520","post","type-post","status-publish","format-standard","hentry","category-fotografia","category-mochilao","tag-alemanha","tag-amsterdam","tag-austria","tag-belgica","tag-bikes","tag-eurotrip","tag-franca","tag-holanda","tag-mochilao","tag-viagem"],"jetpack_featured_media_url":"","jetpack_sharing_enabled":true,"_links":{"self":[{"href":"https:\/\/www.neyestrabelli.com\/blog\/wp-json\/wp\/v2\/posts\/520","targetHints":{"allow":["GET"]}}],"collection":[{"href":"https:\/\/www.neyestrabelli.com\/blog\/wp-json\/wp\/v2\/posts"}],"about":[{"href":"https:\/\/www.neyestrabelli.com\/blog\/wp-json\/wp\/v2\/types\/post"}],"author":[{"embeddable":true,"href":"https:\/\/www.neyestrabelli.com\/blog\/wp-json\/wp\/v2\/users\/1"}],"replies":[{"embeddable":true,"href":"https:\/\/www.neyestrabelli.com\/blog\/wp-json\/wp\/v2\/comments?post=520"}],"version-history":[{"count":0,"href":"https:\/\/www.neyestrabelli.com\/blog\/wp-json\/wp\/v2\/posts\/520\/revisions"}],"wp:attachment":[{"href":"https:\/\/www.neyestrabelli.com\/blog\/wp-json\/wp\/v2\/media?parent=520"}],"wp:term":[{"taxonomy":"category","embeddable":true,"href":"https:\/\/www.neyestrabelli.com\/blog\/wp-json\/wp\/v2\/categories?post=520"},{"taxonomy":"post_tag","embeddable":true,"href":"https:\/\/www.neyestrabelli.com\/blog\/wp-json\/wp\/v2\/tags?post=520"}],"curies":[{"name":"wp","href":"https:\/\/api.w.org\/{rel}","templated":true}]}}