{"id":642,"date":"2018-06-08T20:32:31","date_gmt":"2018-06-08T20:32:31","guid":{"rendered":"http:\/\/www.neyestrabelli.com\/blog\/?p=642"},"modified":"2018-06-08T20:32:31","modified_gmt":"2018-06-08T20:32:31","slug":"cartagena-das-indias-2018","status":"publish","type":"post","link":"https:\/\/www.neyestrabelli.com\/blog\/2018\/06\/08\/cartagena-das-indias-2018\/","title":{"rendered":"Roteiro de Viagem Cartagena das \u00cdndias &#8211; Col\u00f4mbia com fotos e gastos\u00a005\/2018"},"content":{"rendered":"<section class=\"section section--body\">\n<div class=\"section-divider\"><\/div>\n<div class=\"section-content\">\n<div class=\"section-inner sectionLayout--insetColumn\"><\/div>\n<\/div>\n<\/section>\n<section class=\"section section--body\">\n<div class=\"section-content\">\n<div class=\"section-inner sectionLayout--insetColumn\">\n<figure class=\"graf graf--figure graf--iframe\">\n<div class=\"aspectRatioPlaceholder is-locked\">\n<div class=\"aspectRatioPlaceholder-fill\"><iframe loading=\"lazy\" src=\"https:\/\/www.youtube.com\/embed\/bjX432xuy2Y?rel=0\" width=\"560\" height=\"315\" frameborder=\"0\" allowfullscreen=\"allowfullscreen\"><\/iframe><\/div>\n<\/div>\n<\/figure>\n<figure class=\"graf graf--figure graf--iframe\">\n<div class=\"aspectRatioPlaceholder is-locked\">\n<div class=\"aspectRatioPlaceholder-fill\"><\/div>\n<p><iframe loading=\"lazy\" src=\"https:\/\/www.youtube.com\/embed\/FFEoxHBzOAk?rel=0\" width=\"560\" height=\"315\" frameborder=\"0\" allowfullscreen=\"allowfullscreen\"><\/iframe><\/p>\n<\/div>\n<\/figure>\n<\/div>\n<\/div>\n<\/section>\n<section class=\"section section--body\">\n<div class=\"section-divider\">\n<hr class=\"section-divider\">\n<\/div>\n<div class=\"section-content\">\n<div class=\"section-inner sectionLayout--insetColumn\">\n<p class=\"graf graf--p\">Total gasto na viagem:<strong class=\"markup--strong markup--p-strong\">R$ 9.907,11<\/strong>. (2 pessoas).<\/p>\n<figure class=\"graf graf--figure\"><img decoding=\"async\" class=\"graf-image\" src=\"https:\/\/cdn-images-1.medium.com\/max\/800\/1*UIEysdSMUWuM09C4BAkvew.jpeg\" data-image-id=\"1*UIEysdSMUWuM09C4BAkvew.jpeg\" data-width=\"668\" data-height=\"614\"><\/figure>\n<\/div>\n<\/div>\n<\/section>\n<section class=\"section section--body\">\n<div class=\"section-divider\">\n<hr class=\"section-divider\">\n<\/div>\n<div class=\"section-content\">\n<div class=\"section-inner sectionLayout--insetColumn\">\n<h3 class=\"graf graf--h3\">V\u00f4os +&nbsp;Hotel<\/h3>\n<p class=\"graf graf--p\">Nosso voo saiu de S\u00e3o Paulo com parada no Panam\u00e1 e destino final Cartagena voando pela Copa.<\/p>\n<p class=\"graf graf--p\">+<\/p>\n<p class=\"graf graf--p\">Hotel Dann Cartagena 7 diarias<\/p>\n<p class=\"graf graf--p\">No valor de R$ 5979.42. (Duas pessoas).<\/p>\n<\/div>\n<\/div>\n<\/section>\n<section class=\"section section--body\">\n<div class=\"section-divider\">\n<hr class=\"section-divider\">\n<\/div>\n<div class=\"section-content\">\n<div class=\"section-inner sectionLayout--insetColumn\">\n<h3 class=\"graf graf--h3\">Seguro Viagem<\/h3>\n<p class=\"graf graf--p\">Fizemos seguro viagem com a <a class=\"markup--anchor markup--p-anchor\" href=\"https:\/\/www.worldnomads.com\/\" target=\"_blank\" rel=\"noopener noreferrer\" data-href=\"https:\/\/www.worldnomads.com\/\">World Nomads<\/a>: <strong class=\"markup--strong markup--p-strong\">R$ 297.00<\/strong> (2 pessoas).<\/p>\n<\/div>\n<\/div>\n<\/section>\n<section class=\"section section--body\">\n<div class=\"section-divider\">\n<hr class=\"section-divider\">\n<\/div>\n<div class=\"section-content\">\n<div class=\"section-inner sectionLayout--insetColumn\">\n<h3 class=\"graf graf--h3\">Hospedagem<\/h3>\n<p class=\"graf graf--p\">Hotel Dann Cartagena<\/p>\n<p class=\"graf graf--p\">&nbsp;Hotel Localizado no bairro de El laguito\/Bocagrande, o quarto \u00e9 muito grande, banheiro com \u00e1gua quente que \u00e9 uma coisa bem dif\u00edcil de se encontrar por l\u00e1.<\/p>\n<p class=\"graf graf--p\">&nbsp;Piscina grande, caf\u00e9 da manh\u00e3 sem muitas variedades, apenas os sucos que mudavam o sabor, sem cobran\u00e7as de taxas extras.<\/p>\n<p class=\"graf graf--p\">&nbsp;Est\u00e1vamos procurando um hotel um pouco melhor, com algumas comodidades e esse foi perfeito para nossas expectativas, por\u00e9m se quiser economizar com t\u00e1xis talvez ficar mais pr\u00f3ximo do centro seja uma melhor op\u00e7\u00e3o.<\/p>\n<\/div>\n<\/div>\n<\/section>\n<section class=\"section section--body\">\n<div class=\"section-divider\">\n<hr class=\"section-divider\">\n<\/div>\n<div class=\"section-content\">\n<div class=\"section-inner sectionLayout--insetColumn\">\n<h3 class=\"graf graf--h3\">Alimenta\u00e7\u00e3o<\/h3>\n<p class=\"graf graf--p\"><strong class=\"markup--strong markup--p-strong\">Crepes &amp; waffles<\/strong>: Comida de boa qualidade e um custo benef\u00edcio, fomos duas vezes durante a viagem.<\/p>\n<p class=\"graf graf--p\"><strong class=\"markup--strong markup--p-strong\">Hamburgueria Al Corral<\/strong>: Combos saborosos, batata frita muito boa. Vale a pena conhecer, parece ser mais visitado por moradores.<\/p>\n<p class=\"graf graf--p\"><strong class=\"markup--strong markup--p-strong\">Acci\u00f3n de Gracias<\/strong>: Fomos duas vezes durante a viagem, a primeira vez foi algo muito bom j\u00e1 a segunda vez n\u00e3 gostei, pedi o mesmo prato mas veio totalmente diferente.<\/p>\n<p class=\"graf graf--p\"><strong class=\"markup--strong markup--p-strong\">Anacordos<\/strong>: Uma surpresa muito grata, est\u00e1vamos procurando outro restaurante quando achamos esse, por um pre\u00e7o fixo estava inclu\u00eddo entrada, prato principal e suco. Comida simples de boa qualidade.<\/p>\n<p class=\"graf graf--p\"><strong class=\"markup--strong markup--p-strong\">La Diva de Bocagrande<\/strong>: A pizza estava maravilhosa e o macarr\u00e3o muito bom acredito que vale a pena para quem estiver hospedado em El Laguito ou Bocagrande. Decora\u00e7\u00e3o linda e sobremesa grat\u00eds para aniversariante.<\/p>\n<p class=\"graf graf--p\"><strong class=\"markup--strong markup--p-strong\">La Pepita<\/strong>: Fomos nessa Hamburgueria que fica junto com o restaurante La Diva, lanches bons, mas o destaque fica para a batata r\u00fastica que estava fant\u00e1stica.<\/p>\n<p class=\"graf graf--p\"><strong class=\"markup--strong markup--p-strong\">La Bonga del Sin\u00fa: <\/strong>\u00c9 uma Hamburgueria que tem um foco mais gourmet, eles t\u00eam hamburgueres na chapa ou grelhado, al\u00e9m de outros lanches.<br \/>\nO Hamburguer era bem suculento e veio com mandioca frita.<\/p>\n<\/div>\n<\/div>\n<\/section>\n<section class=\"section section--body\">\n<div class=\"section-divider\">\n<hr class=\"section-divider\">\n<\/div>\n<div class=\"section-content\">\n<div class=\"section-inner sectionLayout--insetColumn\">\n<h3 class=\"graf graf--h3\">&nbsp;Passeios<\/h3>\n<ul class=\"postList\">\n<li class=\"graf graf--li\">Ilha Coralina<\/li>\n<li class=\"graf graf--li\">Ilha Gente del Mar<\/li>\n<li class=\"graf graf--li\">Praia \u00c1gua Azul<\/li>\n<li class=\"graf graf--li\">Ilha San Pedro de Majagua<\/li>\n<\/ul>\n<p class=\"graf graf--p\">&nbsp;Fechamos todos os passeios com a Juliana do <a class=\"markup--anchor markup--p-anchor\" href=\"https:\/\/www.facebook.com\/thexperiencetravel\/\" target=\"_blank\" rel=\"noopener noreferrer\" data-href=\"https:\/\/www.facebook.com\/thexperiencetravel\/\"><strong class=\"markup--strong markup--p-strong\">The Experience Travel<\/strong>&nbsp;<\/a><\/p>\n<p class=\"graf graf--p\">Whats+ 55 11 981758504 \/ + 57 300 289 8747<\/p>\n<p class=\"graf graf--p\">Gasto total com passeios: <strong class=\"markup--strong markup--p-strong\">R$ 2.254,83<\/strong> (2 pessoas)<\/p>\n<p class=\"graf graf--p\">Vamos aos relato por dia.<\/p>\n<\/div>\n<\/div>\n<\/section>\n<section class=\"section section--body\">\n<div class=\"section-divider\">\n<hr class=\"section-divider\">\n<\/div>\n<div class=\"section-content\">\n<div class=\"section-inner sectionLayout--insetColumn\">\n<h3 class=\"graf graf--h3\">Dia 1 \u200a\u2014\u200a Chegada e Free&nbsp;Tour<\/h3>\n<figure class=\"graf graf--figure\"><img decoding=\"async\" class=\"graf-image\" src=\"https:\/\/cdn-images-1.medium.com\/max\/800\/1*OtBHedXabw5VX7hhD2Ynyw.jpeg\" data-image-id=\"1*OtBHedXabw5VX7hhD2Ynyw.jpeg\" data-width=\"4000\" data-height=\"3000\"><\/figure>\n<figure class=\"graf graf--figure\"><img decoding=\"async\" class=\"graf-image\" src=\"https:\/\/cdn-images-1.medium.com\/max\/800\/1*rXaTYn07m6LX8Xe_gsNMcA.jpeg\" data-image-id=\"1*rXaTYn07m6LX8Xe_gsNMcA.jpeg\" data-width=\"1080\" data-height=\"1080\"><\/figure>\n<p>&nbsp;<\/p>\n<p class=\"graf graf--p\">Nosso v\u00f4o saiu de SP com escala no Panam\u00e1 e foi um voo super tranquilo, n\u00e3o teve nenhum atraso.<\/p>\n<p class=\"graf graf--p\">&nbsp;N\u00f3s n\u00e3o despachamos malas e est\u00e1vamos na frente do avi\u00e3o, isso possibilitou chegar na imigra\u00e7\u00e3o sem ningu\u00e9m na nossa frente, foi super r\u00e1pido e s\u00f3 nos foi perguntado em que hotel ir\u00edamos ficar.<\/p>\n<p class=\"graf graf--p\">&nbsp;Sa\u00edmos da imigra\u00e7\u00e3o e entregamos o papel da aduana preenchido ainda no avi\u00e3o, ap\u00f3s isso voc\u00ea j\u00e1 est\u00e1 na \u00e1rea de taxi, n\u00e3o demoramos nem 15 minutos todo esse processo.<\/p>\n<p class=\"graf graf--p\">O taxis custou <strong class=\"markup--strong markup--p-strong\">18 mil <\/strong>pesos.<\/p>\n<p class=\"graf graf--p\">&nbsp;Chegamos no hotel muito antes do hor\u00e1rio do check in ent\u00e3o tivemos que esperar bastante para conseguir entrar no quarto. Nesse tempo fomos almo\u00e7ar no <strong class=\"markup--strong markup--p-strong\">El corral <\/strong>(44 mil) e andamos pela avenida principal de Bocagrande.<\/p>\n<p class=\"graf graf--p\">&nbsp;As 16:00 t\u00ednhamos reservado o <a class=\"markup--anchor markup--p-anchor\" href=\"http:\/\/www.freetourcartagena.com.co\" target=\"_blank\" rel=\"noopener noreferrer\" data-href=\"http:\/\/www.freetourcartagena.com.co\">free walking tour<\/a>, \u00e9 s\u00f3 reservar pelo site deles voc\u00ea escolhe o idioma e no final do tour ajuda com uma contribui\u00e7\u00e3o( no nosso caso <strong class=\"markup--strong markup--p-strong\">20 mil<\/strong> para 2 pessoas ).<\/p>\n<p class=\"graf graf--p\">&nbsp;Achei muito bom, mas n\u00e3o sei se faria novamente pela barreira do idioma, voc\u00ea pode escolher entre espanhol e ingl\u00eas, fomos de espanhol por\u00e9m o guia falava muito r\u00e1pido.<\/p>\n<p class=\"graf graf--p\">&nbsp;Jantamos no Crepes &amp; Waffes eu gostei bastante, principalmente do molho de aspargos( <strong class=\"markup--strong markup--p-strong\">52 mil<\/strong>).<\/p>\n<\/div>\n<\/div>\n<\/section>\n<section class=\"section section--body\">\n<div class=\"section-divider\">\n<hr class=\"section-divider\">\n<\/div>\n<div class=\"section-content\">\n<div class=\"section-inner sectionLayout--insetColumn\">\n<h3 class=\"graf graf--h3\">Dia 2\u200a\u2014\u200aIlha&nbsp;Coralina<\/h3>\n<figure class=\"graf graf--figure\"><img decoding=\"async\" class=\"graf-image\" src=\"https:\/\/cdn-images-1.medium.com\/max\/800\/1*IXmrtlM_8kxrs9WubUJU2Q.jpeg\" data-image-id=\"1*IXmrtlM_8kxrs9WubUJU2Q.jpeg\" data-width=\"3647\" data-height=\"2735\"><\/figure>\n<figure class=\"graf graf--figure\"><img decoding=\"async\" class=\"graf-image\" src=\"https:\/\/cdn-images-1.medium.com\/max\/800\/1*CJ5-v5yNuWpaQIGbp3WvpA.jpeg\" data-image-id=\"1*CJ5-v5yNuWpaQIGbp3WvpA.jpeg\" data-width=\"4032\" data-height=\"3024\"><\/figure>\n<p class=\"graf graf--p\">A lancha saiu da marina de la Bodeguita, umas 9:30, pois houve um pequeno atraso, que parece ser normal l\u00e1.<\/p>\n<p class=\"graf graf--p\">A viagem de ida durou 50 minutos e foi super de boa, tranquila e sem molhar.<\/p>\n<p class=\"graf graf--p\">Chegamos na ilha e nos foi passado as informa\u00e7\u00f5es, escolhemos o almo\u00e7o e o \u201cguia\u201d nos orientou onde estava nossas cadeiras de praia.<\/p>\n<p class=\"graf graf--p\">As 13:00 horas fomos chamados para o almo\u00e7o, foi servido um caldo de peixe de entrada, o prato principal, suco de manga( n\u00e3o havia outra op\u00e7\u00e3o) e no final a sobremesa que no nosso caso ficamos tristes pois perdemos.<\/p>\n<p class=\"graf graf--p\">&nbsp;No final do almo\u00e7o eles n\u00e3o falaram que tinha sobremesa e acabamos indo para a \u00e1rea das cadeiras de praias e depois vimos que eles tinham servido.<\/p>\n<p class=\"graf graf--p\">&nbsp;As 15:00 hrs o barco saiu, durou mais ou menos 1:00 hrs o percurso.<\/p>\n<p class=\"graf graf--p\">&nbsp;Adoramos a ilha, comida gostosa, ambiente rom\u00e2ntico, enfim s\u00f3 temos elogios.<\/p>\n<p class=\"graf graf--p\">Coralina \u00e9 uma ilha super pequena e reservada, s\u00e3o umas 20 pessoas por dia ent\u00e3o \u00e9 interessante tentar fazer um pr\u00e9 reserva para ter certeza que vai conseguir.<\/p>\n<p class=\"graf graf--p\">&nbsp;Na nossa opini\u00e3o e de alguns outros brasileiros que encontramos durante a viagem, essa \u00e9 sem d\u00favida a melhor ilha.<\/p>\n<p class=\"graf graf--p\">Portanto se ela estiver na sua lista, fa\u00e7a-a por \u00faltimo.<\/p>\n<p class=\"graf graf--p\">&nbsp;Jantamos no KFC ficou <strong class=\"markup--strong markup--p-strong\">35.700<\/strong> mil.<\/p>\n<p class=\"graf graf--p\">\n<\/div>\n<\/div>\n<\/section>\n<section class=\"section section--body\">\n<div class=\"section-divider\">\n<hr class=\"section-divider\">\n<\/div>\n<div class=\"section-content\">\n<div class=\"section-inner sectionLayout--insetColumn\">\n<h3 class=\"graf graf--h3\">Dia 3 \u200a\u2014\u200a Castelo e Bairro Getseman\u00ed<\/h3>\n<figure class=\"graf graf--figure\"><img decoding=\"async\" class=\"graf-image\" src=\"https:\/\/cdn-images-1.medium.com\/max\/800\/1*la7uW2FR2uP_FgJBKur2bw.jpeg\" data-image-id=\"1*la7uW2FR2uP_FgJBKur2bw.jpeg\" data-width=\"1080\" data-height=\"1080\"><\/figure>\n<figure class=\"graf graf--figure\"><img decoding=\"async\" class=\"graf-image\" src=\"https:\/\/cdn-images-1.medium.com\/max\/800\/1*-nyvjRGwFZLb8OWDuyGMtA.jpeg\" data-image-id=\"1*-nyvjRGwFZLb8OWDuyGMtA.jpeg\" data-width=\"3024\" data-height=\"4032\"><\/figure>\n<p>&nbsp;<\/p>\n<p class=\"graf graf--p\">Chegamos no castelo exatamente na hora em que abriu, compramos os ingressos por <strong class=\"markup--strong markup--p-strong\">50 mil<\/strong> e alugamos um \u00e1udio guia <strong class=\"markup--strong markup--p-strong\">17 mil<\/strong>.<\/p>\n<p class=\"graf graf--p\">&nbsp;A hist\u00f3ria \u00e9 demais, voc\u00ea consegue imaginar como foi na \u00e9poca, como estamos sozinhos foi poss\u00edvel tirar algumas fotos bem legais e descansar bastante.<\/p>\n<p class=\"graf graf--p\">&nbsp;Uma dica que eu daria para quem quer economizar, n\u00e3o aluguem o \u00e1udio guia, existe uma sala com ar condicionado que passa um filme explicando toda a hist\u00f3ria, achamos muito melhor aprender dessa forma, mas \u00e9 uma quest\u00e3o de gosto.<\/p>\n<p class=\"graf graf--p\">&nbsp;Sa\u00edmos de l\u00e1 e fomos passear em um shopping que tem na frente, legal mas nada demais, talvez seja uma boa op\u00e7\u00e3o para almo\u00e7ar.<\/p>\n<p class=\"graf graf--p\">&nbsp;Pedimos um taxi na frente do Shopping para a pra\u00e7a de Getseman\u00ed, ele nos deixou exatamente na frente do graffiti mais famoso, custou <strong class=\"markup--strong markup--p-strong\">7 mil<\/strong>, ficamos apaixonados por todas as casas e portas rumo at\u00e9 a cidade amuralhada onde almo\u00e7amos no restaurante <strong class=\"markup--strong markup--p-strong\">Anacardos<\/strong>.<\/p>\n<p class=\"graf graf--p\">&nbsp;Ap\u00f3s o almo\u00e7o fomos at\u00e9 o museu Naval, os ingressos custaram <strong class=\"markup--strong markup--p-strong\">32 mil<\/strong>, ele est\u00e1 em reforma, ent\u00e3o acredito que n\u00e3o foi uma grande experi\u00eancia, ap\u00f3s visitarmos achamos melhor n\u00e3o gastar mais dinheiro nos museus.<\/p>\n<p class=\"graf graf--p\">Jantamos em um shopping de Bocagrande no La Bonga del Sin\u00fa. <strong class=\"markup--strong markup--p-strong\">52 mil<\/strong>.<\/p>\n<\/div>\n<\/div>\n<\/section>\n<section class=\"section section--body\">\n<div class=\"section-divider\">\n<hr class=\"section-divider\">\n<\/div>\n<div class=\"section-content\">\n<div class=\"section-inner sectionLayout--insetColumn\">\n<h3 class=\"graf graf--h3\">&nbsp;Dia 4 \u200a\u2014\u200a Ilha. Gente de&nbsp;Mar<\/h3>\n<figure class=\"graf graf--figure\"><img decoding=\"async\" class=\"graf-image\" src=\"https:\/\/cdn-images-1.medium.com\/max\/800\/1*7wNypJuWKV5CKsZiVHTb-Q.jpeg\" data-image-id=\"1*7wNypJuWKV5CKsZiVHTb-Q.jpeg\" data-width=\"3024\" data-height=\"4032\"><\/figure>\n<figure class=\"graf graf--figure\"><img decoding=\"async\" class=\"graf-image\" src=\"https:\/\/cdn-images-1.medium.com\/max\/800\/1*38FQ1bJFmgt_cwjDvrKdwg.jpeg\" data-image-id=\"1*38FQ1bJFmgt_cwjDvrKdwg.jpeg\" data-width=\"4000\" data-height=\"3000\"><\/figure>\n<p class=\"graf graf--p\">A van deles vieram nos buscar no hotel, eles fazem isso para algumas regi\u00f5es, tem que prestar aten\u00e7\u00e3o pois ele s\u00f3 buscam, na volta \u00e9 preciso que voc\u00ea v\u00e1 de t\u00e1xi ou andando de volta para o seu hotel.<\/p>\n<p class=\"graf graf--p\">&nbsp;A lancha sempre sai um pouco mais tarde n\u00e3o tem jeito, chegamos 10:17 na ilha, sentamos na frente da lancha na ida e foi super tranquilo.<\/p>\n<p class=\"graf graf--p\">Ao chegar eles passam as informa\u00e7\u00f5es, explicam os op\u00e7\u00f5es e fala que se algu\u00e9m tem problemas com peixe ou \u00e9 vegetariano, essa \u00e9 a hora de falar para trocar. N\u00f3s esquecemos, pois ir\u00edamos pegar um prato diferente para experimentar, mas quando lembramos de falar j\u00e1 n\u00e3o podia mais trocar.<\/p>\n<p class=\"graf graf--p\">&nbsp;Comida n\u00e3o agradou muito, mas tamb\u00e9m era dif\u00edcil n\u00e3o comparar com a \u00faltima ilha, Coralina.<\/p>\n<p class=\"graf graf--p\">&nbsp;Passamos o dia na ilha, como achamos outros brasileiros alugamos em 5 pessoas o Stand up, por <strong class=\"markup--strong markup--p-strong\">30 mil<\/strong> durante 40 minutos acho que se estiver sozinho e chorar eles abaixam, foi muito legal e ainda rendeu v\u00e1rias fotos.<\/p>\n<p class=\"graf graf--p\">&nbsp;Na hora de voltar come\u00e7ou a ventar muito e sa\u00edmos com o mar bem tenso, uma dica \u00e9 chegar cedo no lugar que sai o barco na volta, para pegar o melhor lugar.<\/p>\n<p class=\"graf graf--p\">Um casal que ficou por \u00faltimo sofreu muito mais que a gente, afinal eles ficaram em uma parte que n\u00e3o tinha cobertura e l\u00e1 na frente.<\/p>\n<p class=\"graf graf--p\">&nbsp;At\u00e9 que a lancha n\u00e3o pulou tanto, mas molhou bastante porque come\u00e7ou a chover. Ficamos no lado esquerdo quase para o final, sofremos muito menos do que quem ficou na direita ou na ponta.<\/p>\n<p class=\"graf graf--p\">Para acabar nosso dia fomos ver a festa de anivers\u00e1rio da cidade, passamos pelo centro hist\u00f3rico e Getseman\u00ed, jantamos em um restaurante com muitos locais.<\/p>\n<p class=\"graf graf--p\">Saiu em torno <strong class=\"markup--strong markup--p-strong\">52 mil<\/strong>, um macarr\u00e3o e uma pizza, muito bem servido e gostoso. Chama <strong class=\"markup--strong markup--p-strong\">Accion de Gracias<\/strong>.<\/p>\n<\/div>\n<\/div>\n<\/section>\n<section class=\"section section--body\">\n<div class=\"section-divider\">\n<hr class=\"section-divider\">\n<\/div>\n<div class=\"section-content\">\n<div class=\"section-inner sectionLayout--insetColumn\">\n<h3 class=\"graf graf--h3\">Dia 5 \u200a\u2014\u200a Museus<\/h3>\n<figure class=\"graf graf--figure\"><img decoding=\"async\" class=\"graf-image\" src=\"https:\/\/cdn-images-1.medium.com\/max\/800\/1*86XH48OlvqN1spYrqsMBoQ.jpeg\" data-image-id=\"1*86XH48OlvqN1spYrqsMBoQ.jpeg\" data-width=\"2180\" data-height=\"2217\"><\/figure>\n<p class=\"graf graf--p\">Visitamos 3 museus: Museu do Chocolate, Museu Esmeralda e Museu do Ouro.<\/p>\n<p class=\"graf graf--p\">&nbsp;Na verdade o do chocolate e a da esmeralda sao lojas para vender os produtos e um pouco antes meio que conta a hist\u00f3ria.<\/p>\n<p class=\"graf graf--p\">&nbsp;Achamos interessante o da Esmeralda e o do Ouro.<\/p>\n<p class=\"graf graf--p\">Esses 3 museus s\u00e3o gratuitos.<\/p>\n<\/div>\n<\/div>\n<\/section>\n<section class=\"section section--body\">\n<div class=\"section-divider\">\n<hr class=\"section-divider\">\n<\/div>\n<div class=\"section-content\">\n<div class=\"section-inner sectionLayout--insetColumn\">\n<h3 class=\"graf graf--h3\">Dia 6 \u200a\u2014\u200a Playa \u00c1gua&nbsp;Azul<\/h3>\n<figure class=\"graf graf--figure\"><img decoding=\"async\" class=\"graf-image\" src=\"https:\/\/cdn-images-1.medium.com\/max\/800\/1*KnFVnEUjC6RzP6HgHLCdtQ.jpeg\" data-image-id=\"1*KnFVnEUjC6RzP6HgHLCdtQ.jpeg\" data-width=\"4000\" data-height=\"3000\"><\/figure>\n<figure class=\"graf graf--figure\"><img decoding=\"async\" class=\"graf-image\" src=\"https:\/\/cdn-images-1.medium.com\/max\/800\/1*S35ME9JXnNq2LqyE-sirAw.jpeg\" data-image-id=\"1*S35ME9JXnNq2LqyE-sirAw.jpeg\" data-width=\"4000\" data-height=\"3000\"><\/figure>\n<p>&nbsp;<\/p>\n<p class=\"graf graf--p\">Combinamos com um taxista para que ele levasse a gente para Playa Blanca, mas ele nos orientou a fazer uma outra praia chamada \u00c1gua Azul, fechamos o transfer ida e volta por <strong class=\"markup--strong markup--p-strong\">300 mil<\/strong> sendo poss\u00edvel ir at\u00e9 4 pessoas, fora o barco que foi <strong class=\"markup--strong markup--p-strong\">20 mil<\/strong> por pessoa e o aluguel da cadeira de praia por <strong class=\"markup--strong markup--p-strong\">10 mil<\/strong>, como fomos em 3 ficou <strong class=\"markup--strong markup--p-strong\">130 mil<\/strong> para cada.<\/p>\n<p class=\"graf graf--p\">&nbsp;Sa\u00edmos do hotel \u00e1s 8:30 e chegamos uma hora depois.<\/p>\n<p class=\"graf graf--p\">&nbsp;Acho bom deixar claro que n\u00e3o \u00e9 qualquer t\u00e1xi que consegue fazer esse caminho, precisa ser um 4&#215;4, pois tem um peda\u00e7o que \u00e9 bem dif\u00edcil passar, chegando at\u00e9 ficar pr\u00f3ximo do mar, n\u00e3o sei como faz em dias de mar\u00e9 alta.<\/p>\n<p class=\"graf graf--p\">Ap\u00f3s uns 50 minutos de carro paramos em uma casinha e pegamos um barco que deixou a gente na ilha, n\u00e3o foi nem 5 minutos.<\/p>\n<p class=\"graf graf--p\">&nbsp;Resolvemos n\u00e3o almo\u00e7ar na praia, mas estava em m\u00e9dia de 40 mil pesos por pessoa.<\/p>\n<p class=\"graf graf--p\">&nbsp;\u00c1s 15 horas sa\u00edmos de l\u00e1 chegando em Bocagrande \u00e1s 16:15.<\/p>\n<p class=\"graf graf--p\">&nbsp;Esse passeio foi algo mais r\u00fastico, tivemos que confiar no taxista, foi algo muito bom, por\u00e9m, quem gosta de algo mais organizado talvez n\u00e3o seja uma boa id\u00e9ia.<\/p>\n<p class=\"graf graf--p\">O bom dessa ilha \u00e9 que n\u00e3o teve quase nenhum ass\u00e9dio dos locais oferecendo servi\u00e7os como massagem, artesanatos, entre outros.<\/p>\n<p class=\"graf graf--p\">&nbsp;Jantamos no restaurante<strong class=\"markup--strong markup--p-strong\"> La Diva de Bocagrande<\/strong> <strong class=\"markup--strong markup--p-strong\">68 mil<\/strong>.<\/p>\n<\/div>\n<\/div>\n<\/section>\n<section class=\"section section--body\">\n<div class=\"section-divider\">\n<hr class=\"section-divider\">\n<\/div>\n<div class=\"section-content\">\n<div class=\"section-inner sectionLayout--insetColumn\">\n<h3 class=\"graf graf--h3\">Dia 6 \u200a\u2014\u200a Isla Majagua\u200a\u2014\u200aHotel San Pedro&nbsp;Majagua<\/h3>\n<figure class=\"graf graf--figure\"><img decoding=\"async\" class=\"graf-image\" src=\"https:\/\/cdn-images-1.medium.com\/max\/800\/1*iUnrt6tbLCLPr8C3tnF_0g.jpeg\" data-image-id=\"1*iUnrt6tbLCLPr8C3tnF_0g.jpeg\" data-width=\"4000\" data-height=\"3000\"><\/figure>\n<figure class=\"graf graf--figure\"><img decoding=\"async\" class=\"graf-image\" src=\"https:\/\/cdn-images-1.medium.com\/max\/800\/1*pdRanIB5ufqt7Soqa44FZg.jpeg\" data-image-id=\"1*pdRanIB5ufqt7Soqa44FZg.jpeg\" data-width=\"4000\" data-height=\"3000\"><\/figure>\n<p>&nbsp;<\/p>\n<p class=\"graf graf--p\">Os barcos para esta ilha saem de outra marina chamada Santa Cruz e fica no bairro de Manga, de Bocagrande at\u00e9 l\u00e1 d\u00e1 uns 20 minutos. Ela \u00e9 bem menor por isso parece ser mais organizada. A lancha saiu pontualmente \u00e1s 9:00 com a viagem de dura\u00e7\u00e3o de 60 minutos.<\/p>\n<p class=\"graf graf--p\">&nbsp;Chegando na ilha o respons\u00e1vel fala as informa\u00e7\u00f5es e mostra quais s\u00e3o os opcionais: snorkel, bicicletas, caiaque e stand up. Apenas sabemos o pre\u00e7o do Snorkel que foi <strong class=\"markup--strong markup--p-strong\">95 mil<\/strong> por pessoa com dura\u00e7\u00e3o de 1:30, a lancha saiu \u00e1s 10:40 ent\u00e3o \u00e9 preciso escolher r\u00e1pido se quiser fazer o snorkel.<\/p>\n<p class=\"graf graf--p\">N\u00e3o sabemos nadar, ent\u00e3o antes de ir perguntamos se tinha coletes ou alguma b\u00f3ia, chegando no local de mergulho ele nos entregou os coletes, por\u00e9m algumas pessoas ficaram sem, pois n\u00e3o tinham solicitado antes. Ent\u00e3o acho que \u00e9 v\u00e1lido confirmar antes se vai ter algum aux\u00edlio no mar.<\/p>\n<p class=\"graf graf--p\">&nbsp;Sem palavras para descrever como foi ver esse mundo enorme e incr\u00edvel que muitas vezes nem lembramos que existe.<\/p>\n<p class=\"graf graf--p\">O snorkel foi na frente da praia de Bora Bora ent\u00e3o n\u00e3o sei \u00e9 poss\u00edvel fazer partindo de l\u00e1.<\/p>\n<p class=\"graf graf--p\">Voltamos e j\u00e1 fomos almo\u00e7ar.<\/p>\n<p class=\"graf graf--p\">Nesta ilha fizemos o pagamento direto l\u00e1, embora a Juliana tenha reservado para n\u00f3s, no final do almo\u00e7o eles te entregam a conta, por\u00e9m j\u00e1 vai vir com valores de IVA e propina.<\/p>\n<p class=\"graf graf--p\">&nbsp;Achamos esse Day Use mais organizado e pontual que as outras ilhas, a lancha era muito boa, deu at\u00e9 pra cochilar de t\u00e3o calma que foi&nbsp;.<\/p>\n<p class=\"graf graf--p\">Se quiser ver mais algumas fotos: <a class=\"markup--anchor markup--p-anchor\" href=\"https:\/\/flic.kr\/s\/aHskCzup2G\" target=\"_blank\" rel=\"nofollow noopener noreferrer\" data-href=\"https:\/\/flic.kr\/s\/aHskCzup2G\">https:\/\/flic.kr\/s\/aHskCzup2G<\/a><\/p>\n<\/div>\n<\/div>\n<\/section>\n","protected":false},"excerpt":{"rendered":"<p>Total gasto na viagem:R$ 9.907,11. (2 pessoas). V\u00f4os +&nbsp;Hotel Nosso voo saiu de S\u00e3o Paulo com parada no Panam\u00e1 e destino final Cartagena voando pela Copa. + Hotel Dann Cartagena 7 diarias No valor de R$ 5979.42. (Duas pessoas). Seguro Viagem Fizemos seguro viagem com a World Nomads: R$ 297.00 (2 pessoas). Hospedagem Hotel Dann [&hellip;]<\/p>\n","protected":false},"author":1,"featured_media":0,"comment_status":"open","ping_status":"open","sticky":false,"template":"","format":"standard","meta":{"om_disable_all_campaigns":false,"_jetpack_memberships_contains_paid_content":false,"footnotes":""},"categories":[2,4,13],"tags":[38,45,168],"class_list":["post-642","post","type-post","status-publish","format-standard","hentry","category-diversao","category-fotografia","category-mochilao","tag-cartagena","tag-colombia","tag-viagem"],"jetpack_featured_media_url":"","jetpack_sharing_enabled":true,"_links":{"self":[{"href":"https:\/\/www.neyestrabelli.com\/blog\/wp-json\/wp\/v2\/posts\/642","targetHints":{"allow":["GET"]}}],"collection":[{"href":"https:\/\/www.neyestrabelli.com\/blog\/wp-json\/wp\/v2\/posts"}],"about":[{"href":"https:\/\/www.neyestrabelli.com\/blog\/wp-json\/wp\/v2\/types\/post"}],"author":[{"embeddable":true,"href":"https:\/\/www.neyestrabelli.com\/blog\/wp-json\/wp\/v2\/users\/1"}],"replies":[{"embeddable":true,"href":"https:\/\/www.neyestrabelli.com\/blog\/wp-json\/wp\/v2\/comments?post=642"}],"version-history":[{"count":0,"href":"https:\/\/www.neyestrabelli.com\/blog\/wp-json\/wp\/v2\/posts\/642\/revisions"}],"wp:attachment":[{"href":"https:\/\/www.neyestrabelli.com\/blog\/wp-json\/wp\/v2\/media?parent=642"}],"wp:term":[{"taxonomy":"category","embeddable":true,"href":"https:\/\/www.neyestrabelli.com\/blog\/wp-json\/wp\/v2\/categories?post=642"},{"taxonomy":"post_tag","embeddable":true,"href":"https:\/\/www.neyestrabelli.com\/blog\/wp-json\/wp\/v2\/tags?post=642"}],"curies":[{"name":"wp","href":"https:\/\/api.w.org\/{rel}","templated":true}]}}