{"id":650,"date":"2018-12-03T19:42:19","date_gmt":"2018-12-03T19:42:19","guid":{"rendered":"http:\/\/www.neyestrabelli.com\/blog\/?p=650"},"modified":"2020-10-07T10:14:26","modified_gmt":"2020-10-07T13:14:26","slug":"italia-franca","status":"publish","type":"post","link":"https:\/\/www.neyestrabelli.com\/blog\/2018\/12\/03\/italia-franca\/","title":{"rendered":"Relato de viagem &#8211; It\u00e1lia e Fran\u00e7a\u200a &#8211; \u200a28\/10\/18 &#8211; 16\/11\/18"},"content":{"rendered":"<section class=\"section section--body\">\n<div class=\"section-divider\"><\/div>\n<\/section>\n<section class=\"section section--body\">\n<div class=\"section-divider\"><\/div>\n<div class=\"section-content\">\n<div class=\"section-inner sectionLayout--insetColumn\">\n<figure class=\"graf graf--figure graf--iframe\">\n<div class=\"aspectRatioPlaceholder is-locked\">\n<div class=\"aspectRatioPlaceholder-fill\" style=\"text-align: center;\"><iframe loading=\"lazy\" src=\"https:\/\/www.youtube.com\/embed\/yAaYCmltUGo\" width=\"560\" height=\"315\" frameborder=\"0\" allowfullscreen=\"allowfullscreen\"><\/iframe><\/div>\n<\/div>\n<div class=\"iframeContainer\"><\/div>\n<\/figure>\n<figure class=\"graf graf--figure\"><img decoding=\"async\" class=\"graf-image\" src=\"https:\/\/cdn-images-1.medium.com\/max\/800\/1*kyHcDXdttPzZSe1muYr5_A.jpeg\" data-image-id=\"1*kyHcDXdttPzZSe1muYr5_A.jpeg\" data-width=\"1011\" data-height=\"1280\" \/><\/figure>\n<p class=\"graf graf--p\"><strong class=\"markup--strong markup--p-strong\">Voo<\/strong><\/p>\n<blockquote class=\"graf graf--blockquote\"><p><strong class=\"markup--strong markup--blockquote-strong\"><em class=\"markup--em markup--blockquote-em\">R$ 5.665,60<\/em><\/strong><\/p><\/blockquote>\n<p class=\"graf graf--p\"><em class=\"markup--em markup--p-em\">\u00a0Nosso voo saiu de Guarulhos com destino a Roma, sem escalas com dura\u00e7\u0101o de 12 horas.<\/em><\/p>\n<p class=\"graf graf--p\"><em class=\"markup--em markup--p-em\">\u00a0 A ida foi em um avi\u00e3o maior, com as refei\u00e7\u00f5es muitos boas, talvez as melhores que j\u00e1 comi em avi\u00f5es.\u00a0<\/em><\/p>\n<p class=\"graf graf--p\"><em class=\"markup--em markup--p-em\">\u00a0A volta saiu de Paris para Guarulhos com escala em Roma, nossa imigra\u00e7\u00e3o de sa\u00edda foi em Roma, quase perdemos o outro voo, 2 horas \u00e9 pouco para essa escala com imigra\u00e7\u00e3o, e o aeroporto \u00e9 enorme.<\/em><\/p>\n<p class=\"graf graf--p\"><em class=\"markup--em markup--p-em\">\u00a0Voo de volta foi em um avi\u00e3o menor muito antigo, poltrona quebrada, tela de entretenimento antiga que nem foi poss\u00edvel usar, as comidas foram p\u00e9ssimas a ponto de n\u0101o conseguir comer nada no v\u00f4o de volta.<\/em><\/p>\n<figure class=\"graf graf--figure\"><img decoding=\"async\" class=\"graf-image\" src=\"https:\/\/cdn-images-1.medium.com\/max\/800\/1*ytLlr-Px5p8M9KhA1M889g.jpeg\" data-image-id=\"1*ytLlr-Px5p8M9KhA1M889g.jpeg\" data-width=\"2048\" data-height=\"1536\" \/><\/figure>\n<figure class=\"graf graf--figure\"><img decoding=\"async\" class=\"graf-image\" src=\"https:\/\/cdn-images-1.medium.com\/max\/800\/1*zmB7anQ4SwjdqEK49DauHA.jpeg\" data-image-id=\"1*zmB7anQ4SwjdqEK49DauHA.jpeg\" data-width=\"2048\" data-height=\"1536\" \/><\/figure>\n<p class=\"graf graf--p\"><strong class=\"markup--strong markup--p-strong\">Seguro viagem<\/strong><\/p>\n<p class=\"graf graf--p\">Fizemos seguro viagem com a <a class=\"markup--anchor markup--p-anchor\" href=\"https:\/\/www.worldnomads.com\/\" target=\"_blank\" rel=\"noopener noreferrer\" data-href=\"https:\/\/www.worldnomads.com\/\" data-bcup-haslogintext=\"no\">World Nomads<\/a>: <strong class=\"markup--strong markup--p-strong\">R$ 723,40<\/strong> (2 pessoas).<\/p>\n<p class=\"graf graf--p\"><strong class=\"markup--strong markup--p-strong\">Hospedagem<\/strong><\/p>\n<blockquote class=\"graf graf--blockquote\"><p><strong class=\"markup--strong markup--blockquote-strong\">R$ 3.981,97 (Total)<\/strong><\/p><\/blockquote>\n<ul class=\"postList\">\n<li class=\"graf graf--li\"><a class=\"markup--anchor markup--li-anchor\" href=\"https:\/\/www.airbnb.com.br\/rooms\/21615062?s=51\" target=\"_blank\" rel=\"noopener noreferrer\" data-href=\"https:\/\/www.airbnb.com.br\/rooms\/21615062?s=51\" data-bcup-haslogintext=\"no\"><strong class=\"markup--strong markup--li-strong\">Over The Rainbow<\/strong><\/a><strong class=\"markup--strong markup--li-strong\">\u00a0<\/strong><\/li>\n<\/ul>\n<p class=\"graf graf--p\">\u00a0Apartamento muito espa\u00e7oso, ideal para at\u00e9 6 pessoas. Bem pr\u00f3ximo do coliseu, cerca de 10 minutos, 2 supermercados bem pr\u00f3ximos e alguns lugares para comer tamb\u00e9m.<br \/>\nO apartamento tem 2 chaves, o que facilita se o grupo precisar se separar. Tivemos problemas com o chuveiro que foi solucionado rapidamente, por\u00e9m a press\u00e3o da \u00e1gua n\u00e3o \u00e9 t\u00e3o forte e o apartamento possui poucas toalhas. O apartamento fica no 5\u00ba andar, tem um pequeno elevador que ajuda bastante na volta dos passeios. Existem alguns jogos de tabuleiro e cartas para distrair um pouco.<\/p>\n<ul class=\"postList\">\n<li class=\"graf graf--li\"><a class=\"markup--anchor markup--li-anchor\" href=\"https:\/\/www.airbnb.com.br\/rooms\/24320756?s=51\" target=\"_blank\" rel=\"noopener noreferrer\" data-href=\"https:\/\/www.airbnb.com.br\/rooms\/24320756?s=51\" data-bcup-haslogintext=\"no\"><strong class=\"markup--strong markup--li-strong\">Mamo Florence Belle Donne Audrey Apartment\u00a0<\/strong><\/a><\/li>\n<\/ul>\n<p class=\"graf graf--p\">\u00a0Apartamento extremamente moderno, limpo e bem localizado, mais bonito at\u00e9 que nas fotos. Est\u00e1 muito pr\u00f3ximo da esta\u00e7\u00e3o, cerca de 10 minutos andando e bem pr\u00f3ximo do Duomo. Se um dia eu voltar para Firenze esse ser\u00e1 o primeiro ap\u00ea que irei procurar pra me hospedar.<\/p>\n<ul class=\"postList\">\n<li class=\"graf graf--li\"><a class=\"markup--anchor markup--li-anchor\" href=\"https:\/\/www.airbnb.com.br\/rooms\/1269502?s=51\" target=\"_blank\" rel=\"noopener noreferrer\" data-href=\"https:\/\/www.airbnb.com.br\/rooms\/1269502?s=51\" data-bcup-haslogintext=\"no\"><strong class=\"markup--strong markup--li-strong\">Rosella Apart.Center,3 balconies\u00a0<\/strong><\/a><\/li>\n<\/ul>\n<p class=\"graf graf--p\">\u00a0O apartamento \u00e9 exatamente iguais \u00e0s fotos, com excelente localiza\u00e7\u00e3o em Verona. O check-in foi pontual e a anfitri\u00e3 bem agrad\u00e1vel. No geral, foi uma \u00f3tima experi\u00eancia.<br \/>\nO apartamento acomoda at\u00e9 6 pessoas, achamos que n\u00e3o \u00e9 extremamente confort\u00e1vel. Um dos pontos positivos \u00e9 ter 2 banheiros e a anfitri\u00e3 ser muito atenciosa e ajudar no que for preciso.<\/p>\n<ul class=\"postList\">\n<li class=\"graf graf--li\"><a class=\"markup--anchor markup--li-anchor\" href=\"https:\/\/www.absolutehotelparis.com\" target=\"_blank\" rel=\"noopener noreferrer\" data-href=\"https:\/\/www.absolutehotelparis.com\" data-bcup-haslogintext=\"no\"><strong class=\"markup--strong markup--li-strong\">Absolute Hotel Paris<\/strong><\/a><\/li>\n<\/ul>\n<p class=\"graf graf--p\">\u00a0 Hotel simples, pr\u00f3ximo a uma esta\u00e7\u00e3o de metro o que facilita bem para realizar os passeios. Ponto positivos \u00e9 o pre\u00e7o, a limpeza e ser de f\u00e1cil acesso os negativos \u00e9 n\u00e3o ter tomadas perto da cama e o chuveiro desligar a cada 15 segundos.<\/p>\n<h4 class=\"graf graf--h4\"><strong class=\"markup--strong markup--h4-strong\">Alimenta\u00e7\u00e3o<\/strong><\/h4>\n<blockquote class=\"graf graf--blockquote\"><p><strong class=\"markup--strong markup--blockquote-strong\">Foi uma viagem de baixo custo, por esse motivo escolhemos op\u00e7\u00f5es onde n\u00e3o havia servi\u00e7o de gar\u00e7om e muitas vezes com\u00edamos no apartamento.<\/strong><\/p><\/blockquote>\n<h4 class=\"graf graf--h4\"><strong class=\"markup--strong markup--h4-strong\">Roma<\/strong><\/h4>\n<ul class=\"postList\">\n<li class=\"graf graf--li\"><strong class=\"markup--strong markup--li-strong\">Past Chef Monti\u00a0: <\/strong>Massas com valor m\u00e9dio de 7 Euros, comida muito saborosa, cada um pediu um prato diferente e alguns deles foram considerados o melhor da viagem, com exce\u00e7\u00e3o da lasanha que ningu\u00e9m curtiu.<\/li>\n<\/ul>\n<figure class=\"graf graf--figure\"><img decoding=\"async\" class=\"graf-image\" src=\"https:\/\/cdn-images-1.medium.com\/max\/800\/1*ET5GUMf-YU5oQ8brA5XFBg.jpeg\" data-image-id=\"1*ET5GUMf-YU5oQ8brA5XFBg.jpeg\" data-width=\"1536\" data-height=\"2048\" \/><\/figure>\n<ul class=\"postList\">\n<li class=\"graf graf--li\"><strong class=\"markup--strong markup--li-strong\">Il Gelatone: <\/strong>Sorvete por 2 Euros, gostosos mas nem perto dos melhores da viagem, fomos pois ficava perto do Pasta Chef.<\/li>\n<\/ul>\n<figure class=\"graf graf--figure\"><img decoding=\"async\" class=\"graf-image\" src=\"https:\/\/cdn-images-1.medium.com\/max\/800\/1*y32WOhFAkSvH6HHTDzafrw.jpeg\" data-image-id=\"1*y32WOhFAkSvH6HHTDzafrw.jpeg\" data-width=\"1152\" data-height=\"2048\" \/><\/figure>\n<ul class=\"postList\">\n<li class=\"graf graf--li\"><strong class=\"markup--strong markup--li-strong\">I Caruso: <\/strong>Sorvete por 2,40 Euros. Fui nessa gelateria por indica\u00e7\u00e3o e realmente os sorvetes s\u00e3o maravilhosos e o de chocolate amargo \u00e9 sensacional, valeu a visita<strong class=\"markup--strong markup--li-strong\">.<\/strong><\/li>\n<\/ul>\n<figure class=\"graf graf--figure\"><img decoding=\"async\" class=\"graf-image\" src=\"https:\/\/cdn-images-1.medium.com\/max\/800\/1*lKh_Vu_rcOc2FmH9ycFyQw.jpeg\" data-image-id=\"1*lKh_Vu_rcOc2FmH9ycFyQw.jpeg\" data-width=\"1536\" data-height=\"2048\" \/><\/figure>\n<ul class=\"postList\">\n<li style=\"list-style-type: none;\">\n<ul class=\"postList\">\n<li class=\"graf graf--li\"><strong class=\"markup--strong markup--li-strong\">Da Milvio<\/strong>: Pizzaria que encontramos por acaso a caminho do coliseu e curtimos tanto que acabamos voltando outra vez, pizza por peso com \u00f3timo sabor e um pre\u00e7o agrad\u00e1vel, al\u00e9m das pizzas tamb\u00e9m tem algumas massas, saladas e Arancini (bolinho de arroz frito).<\/li>\n<\/ul>\n<\/li>\n<\/ul>\n<ul class=\"postList\">\n<li style=\"list-style-type: none;\">\n<ul class=\"postList\">\n<li class=\"graf graf--li\"><strong class=\"markup--strong markup--li-strong\">Trattoria Vecchio Roma: <\/strong>Melhor restaurante da viagem inteira, vale extremamente a pena ir, chegamos no hor\u00e1rio que abria para o jantar e j\u00e1 tinha uma fila, ent\u00e3o vale a pena ir antes de abrir e esperar ou fazer uma reserva. Ficou 36 euros por casal. Todos os pratos foram \u00f3timos, mas a batata ao forno foi sensacional.<\/li>\n<\/ul>\n<\/li>\n<\/ul>\n<ul class=\"postList\">\n<li class=\"graf graf--li\"><strong class=\"markup--strong markup--li-strong\">Gelato Fatamorgana: <\/strong>Sorvete 2,50. Experimentei os sabores: Pequeno pr\u00edncipe e chocolate Madagascar, eu escolhi essa sorveteria como a melhor da viagem, j\u00e1 estou at\u00e9 com saudades, se tivesse que escolher s\u00f3 uma para voltar certamente seria essa.<\/li>\n<\/ul>\n<figure class=\"graf graf--figure\"><img decoding=\"async\" class=\"graf-image\" src=\"https:\/\/cdn-images-1.medium.com\/max\/800\/1*F6OpRFHA_nmvMwD2jJOdYg.jpeg\" data-image-id=\"1*F6OpRFHA_nmvMwD2jJOdYg.jpeg\" data-width=\"1536\" data-height=\"2048\" \/><\/figure>\n<ul class=\"postList\">\n<li style=\"list-style-type: none;\">\n<ul class=\"postList\">\n<li class=\"graf graf--li\"><strong class=\"markup--strong markup--li-strong\">Pastificio Guerra: <\/strong>Local simples onde fica uma fila bem grande para pedir as massas do dia, s\u00f3 tem duas op\u00e7\u00f5es para escolha e \u00e9 no valor de 4 euros. O meu era de atum com azeitonas e estava maravilhoso.<\/li>\n<\/ul>\n<\/li>\n<\/ul>\n<ul class=\"postList\">\n<li class=\"graf graf--li\"><strong class=\"markup--strong markup--li-strong\">Pompi Tiramis\u00f9: <\/strong>Esse lugar vende o tiramis\u00f9 mais famoso de Roma fica na mesma rua que o Pastificio Guerra cerca de 100mts, geralmente tamb\u00e9m tem fila, experimentei o com morangos achei gostoso, mas nada demais tamb\u00e9m.<\/li>\n<\/ul>\n<h4 class=\"graf graf--h4\"><strong class=\"markup--strong markup--h4-strong\">Firenze<\/strong><\/h4>\n<ul class=\"postList\">\n<li style=\"list-style-type: none;\">\n<ul class=\"postList\">\n<li class=\"graf graf--li\"><strong class=\"markup--strong markup--li-strong\">SandwiChic<\/strong>: Lugar onde voc\u00ea encontra lanches bem gostosos e com pre\u00e7o acess\u00edvel, fica pr\u00f3ximo ao Museu Accademia, quando fui tinha bastante italianos comendo l\u00e1.<\/li>\n<\/ul>\n<\/li>\n<\/ul>\n<ul class=\"postList\">\n<li class=\"graf graf--li\"><strong class=\"markup--strong markup--li-strong\">Gelato My Sugar: <\/strong>Sorveteria maravilhosa que encontramos por indica\u00e7\u00e3o, fomos outras vezes na viagem de tanto que gostamos, eleita como a segunda melhor da viagem.<\/li>\n<\/ul>\n<figure class=\"graf graf--figure\"><img decoding=\"async\" class=\"graf-image\" src=\"https:\/\/cdn-images-1.medium.com\/max\/800\/1*X1VBRQuy7FlGMI4mi3kazw.jpeg\" data-image-id=\"1*X1VBRQuy7FlGMI4mi3kazw.jpeg\" data-width=\"1536\" data-height=\"2048\" \/><\/figure>\n<ul class=\"postList\">\n<li class=\"graf graf--li\"><strong class=\"markup--strong markup--li-strong\">1950 American Diner:<\/strong> Est\u00e1vamos querendo algo diferente, fomos nessa lanchonete para matar a saudades de hamb\u00farguer, ficou 23 Euros por casal.<\/li>\n<\/ul>\n<h4 class=\"graf graf--h4\"><strong class=\"markup--strong markup--h4-strong\">Verona<\/strong><\/h4>\n<ul class=\"postList\">\n<li style=\"list-style-type: none;\">\n<ul class=\"postList\">\n<li class=\"graf graf--li\"><strong class=\"markup--strong markup--li-strong\">Pizzaria (antigo Quel che vuoi):<\/strong> Era pr\u00f3ximo ao nosso airbnb, comemos pizzas e fogazza, tinha s\u00f3 2 sabores e foi uma grata descoberta, a fogazza custava 3,50 Euros e era muito grande.<\/li>\n<\/ul>\n<\/li>\n<\/ul>\n<ul class=\"postList\">\n<li style=\"list-style-type: none;\">\n<ul class=\"postList\">\n<li class=\"graf graf--li\"><strong class=\"markup--strong markup--li-strong\">Queen\u2019s Chips<\/strong>: Encontramos esse Fast food de batatas em v\u00e1rios locais de Verona, com poucos euros \u00e9 poss\u00edvel comer em grande quantidade e com uma boa qualidade e j\u00e1 experimentar as t\u00e3o famosas batatas fritas de Amsterd\u00e3.<\/li>\n<\/ul>\n<\/li>\n<\/ul>\n<ul class=\"postList\">\n<li style=\"list-style-type: none;\">\n<ul class=\"postList\">\n<li class=\"graf graf--li\"><strong class=\"markup--strong markup--li-strong\">Bigoi Verona:<\/strong> Se estiver procurando comer massas com um pre\u00e7o reduzido esse \u00e9 o lugar em Verona, por 5 euros voc\u00ea pode escolher entre diversas op\u00e7\u00f5es de massa, elas vem em uma embalagem para comer na rua mesmo, mas eles tamb\u00e9m tem um espa\u00e7o dentro da loja.<\/li>\n<\/ul>\n<\/li>\n<\/ul>\n<ul class=\"postList\">\n<li class=\"graf graf--li\"><strong class=\"markup--strong markup--li-strong\">Come Una Volta\u200a\u2014\u200aGelateria Artigianale Biologica: <\/strong>Achei essa sorveteria no nosso \u00faltimo dia em Verona, se tivesse ido antes tenho certeza que teria voltado todos os dias, sorvete maravilhoso, ficou no meu top 3 da It\u00e1lia.<\/li>\n<\/ul>\n<h4 class=\"graf graf--h4\"><strong class=\"markup--strong markup--h4-strong\">Paris<\/strong><\/h4>\n<blockquote class=\"graf graf--blockquote\"><p><strong class=\"markup--strong markup--blockquote-strong\"><em class=\"markup--em markup--blockquote-em\">Por Paris ser muito mais cara do que as cidades da It\u00e1lia, comemos quase exclusivamente em Fast-food.<\/em><\/strong><\/p><\/blockquote>\n<ul class=\"postList\">\n<li style=\"list-style-type: none;\">\n<ul class=\"postList\">\n<li class=\"graf graf--li\"><strong class=\"markup--strong markup--li-strong\">Earl of Sandwich: <\/strong>Esse restaurante leva o titulo do inventor do sandu\u00edche, tinha experimentado diversas vezes em Orlando e quando fiquei sabendo que tinha na Disney de Paris acabei indo no almo\u00e7o e no jantar. Os lanches s\u00e3o na m\u00e9dia de 7 euros.<\/li>\n<\/ul>\n<\/li>\n<\/ul>\n<ul class=\"postList\">\n<li style=\"list-style-type: none;\">\n<ul class=\"postList\">\n<li class=\"graf graf--li\"><strong class=\"markup--strong markup--li-strong\">Fermier Gourmet<\/strong>: Ap\u00f3s olhar no tripadvisor algo pr\u00f3ximo ao nosso hotel, encontramos esse restaurante que servem hamb\u00farguer em uma t\u00e1bua com uma carne a sua escolha, legumes e alguns molhos, tudo muito bem servido e com um \u00f3timo sabor. Valeu o pre\u00e7o, gastamos 33 euros por casal e sa\u00edmos muito satisfeitos.<\/li>\n<\/ul>\n<\/li>\n<\/ul>\n<ul class=\"postList\">\n<li style=\"list-style-type: none;\">\n<ul class=\"postList\">\n<li class=\"graf graf--li\"><strong class=\"markup--strong markup--li-strong\">Chez Alain Miam Miam: <\/strong>Lanche maravilhoso, no pre\u00e7o de 9,50 euros, todos os ingredientes com muito sabor e em grandes quantidades. A \u00fanica observa\u00e7\u00e3o sobre essa barraca que fica dentro de um mercad\u00e3o e a falta de preocupa\u00e7\u00e3o com a higiene, o chef que faz o lanche \u00e9 o mesmo que recebe o dinheiro, se voc\u00ea conseguir deixar isso de lado e saborear o momento vai ser uma \u00f3tima experi\u00eancia.<\/li>\n<\/ul>\n<\/li>\n<\/ul>\n<ul class=\"postList\">\n<li style=\"list-style-type: none;\">\n<ul class=\"postList\">\n<li class=\"graf graf--li\"><strong class=\"markup--strong markup--li-strong\">L\u2019As du Fallafel:<\/strong> N\u00f3s que adoramos um Shawarma resolvemos experimentar quando passamos na frente e o local estava cheio, pagamos 9 euros em um lanche e consumimos na rua mesmo. N\u00e3o \u00e9 ruim, mas tamb\u00e9m n\u00e3o \u00e9 nem de perto o melhor que j\u00e1 comi, realmente achei caro pelo que \u00e9 oferecido.<\/li>\n<\/ul>\n<\/li>\n<\/ul>\n<ul class=\"postList\">\n<li class=\"graf graf--li\"><strong class=\"markup--strong markup--li-strong\">King Sandwich: <\/strong>Depois de ter se frustado com o lanche de Shawarma, resolvemos tentar novamente e encontramos este restaurante que era perto do nosso hotel, existia op\u00e7\u00f5es de combo, por 9 euros e realmente era vantagem j\u00e1 que vinha o lanche, uma por\u00e7\u00e3o enorme de fritas e um refrigerante. Lanche saboroso s\u00f3 \u00e9 bom tomar cuidado com a pimenta, pois \u00e9 forte demais\u00a0.<\/li>\n<\/ul>\n<figure class=\"graf graf--figure\"><img decoding=\"async\" class=\"graf-image\" src=\"https:\/\/cdn-images-1.medium.com\/max\/800\/1*ucoXlJSd8c2rHjrF_h8K8A.jpeg\" data-image-id=\"1*ucoXlJSd8c2rHjrF_h8K8A.jpeg\" data-width=\"2048\" data-height=\"1536\" \/><\/figure>\n<h4 class=\"graf graf--h4\">Roteiro<\/h4>\n<figure class=\"graf graf--figure\"><img decoding=\"async\" class=\"graf-image\" src=\"https:\/\/cdn-images-1.medium.com\/max\/800\/1*kl-rZsHuttjtuwl1Eso6AQ.jpeg\" data-image-id=\"1*kl-rZsHuttjtuwl1Eso6AQ.jpeg\" data-width=\"1003\" data-height=\"1107\" \/><\/figure>\n<h4 class=\"graf graf--h4\">Transportes<\/h4>\n<figure class=\"graf graf--figure\"><img decoding=\"async\" class=\"graf-image\" src=\"https:\/\/cdn-images-1.medium.com\/max\/800\/1*1EJHYT29eFitEX92CDRexg.jpeg\" data-image-id=\"1*1EJHYT29eFitEX92CDRexg.jpeg\" data-width=\"1280\" data-height=\"518\" \/><\/figure>\n<h4 class=\"graf graf--h4\">Roteiro Roma<\/h4>\n<figure class=\"graf graf--figure\"><img decoding=\"async\" class=\"graf-image\" src=\"https:\/\/cdn-images-1.medium.com\/max\/800\/1*hgQmWQBYox0AFkHkvJKGbw.png\" data-image-id=\"1*hgQmWQBYox0AFkHkvJKGbw.png\" data-width=\"783\" data-height=\"328\" \/><\/figure>\n<h4 class=\"graf graf--h4\">Roteiro Firenze<\/h4>\n<figure class=\"graf graf--figure\"><img decoding=\"async\" class=\"graf-image\" src=\"https:\/\/cdn-images-1.medium.com\/max\/800\/1*w1OkxglEm4VNt6VNbOYbew.png\" data-image-id=\"1*w1OkxglEm4VNt6VNbOYbew.png\" data-width=\"913\" data-height=\"178\" \/><\/figure>\n<h4 class=\"graf graf--h4\">Roteiro Verona<\/h4>\n<figure class=\"graf graf--figure\"><img decoding=\"async\" class=\"graf-image\" src=\"https:\/\/cdn-images-1.medium.com\/max\/800\/1*3niJhnUpe0CMdOJOoJUWmQ.png\" data-image-id=\"1*3niJhnUpe0CMdOJOoJUWmQ.png\" data-width=\"729\" data-height=\"190\" \/><\/figure>\n<h4 class=\"graf graf--h4\">Roteiro Paris<\/h4>\n<figure class=\"graf graf--figure\"><img decoding=\"async\" class=\"graf-image\" src=\"https:\/\/cdn-images-1.medium.com\/max\/800\/1*u1qIvSGTxchMV80i4UI7zQ.png\" data-image-id=\"1*u1qIvSGTxchMV80i4UI7zQ.png\" data-width=\"788\" data-height=\"298\" \/><\/figure>\n<h4 class=\"graf graf--h4\"><strong class=\"markup--strong markup--h4-strong\">Relato dia a\u00a0dia<\/strong><\/h4>\n<h4 class=\"graf graf--h4\">Dia 1\u200a\u2014\u200aChegada e Fontana di\u00a0Trevi.<\/h4>\n<p class=\"graf graf--p\">\u00a0Nosso v\u00f4o chegou no hor\u00e1rio previsto, saindo fomos direto para a imigra\u00e7\u00e3o que j\u00e1 estava com uma fila imensa e ficamos nela por volta de 1 hora e 30 minutos.<\/p>\n<p class=\"graf graf--p\">\u00a0J\u00e1 tinhamos reservado o transfer com a Ingrid do <a class=\"markup--anchor markup--p-anchor\" href=\"http:\/\/instagram.com\/em_roma\" target=\"_blank\" rel=\"noopener noreferrer\" data-href=\"http:\/\/instagram.com\/em_roma\" data-bcup-haslogintext=\"no\">@em_roma<\/a> e posso dizer que foi a melhor escolha, logo que sa\u00edmos da imigra\u00e7\u00e3o j\u00e1 tinham v\u00e1rias mensagens dela perguntando se estava tudo ok e avisando que o motorista estava esperando a gente na sa\u00edda.<\/p>\n<p class=\"graf graf--p\">\u00a0Motorista muito simp\u00e1tico e prestativo, caminho r\u00e1pido at\u00e9 o Airbnb, s\u00f3 foi um pouco complicado, pois estava chovendo bastante quando chegamos.<\/p>\n<p class=\"graf graf--p\">\u00a0Fizemos o check-in no apartamento \u00e9 j\u00e1 sa\u00edmos para dar uma volta meio sem rumo, mas acabamos chegando na Fontana di Trevi que estava lotada e depois voltamos pelo caminho do Coliseu, como era s\u00f3 o primeiro dia resolvemos descansar para a o inicio da Maratona. ( Andamos neste dia 9 Km.)<\/p>\n<h4 class=\"graf graf--h4\">Dia 2\u200a\u2014\u200aTour no Coliseu \/ F\u00f3rum\u00a0Romano.<\/h4>\n<p class=\"graf graf--p\">Como era recomendado chegamos bem antes do nosso hor\u00e1rio marcado para o tour do Coliseu que estava marcado para as 10:30am, foi essencial ter chegado antes, pois como choveu muito no dia anterior estava uma bagun\u00e7a a bilheteria e os funcion\u00e1rios todos perdidos.<\/p>\n<p class=\"graf graf--p\">\u00a0Compramos pelo <a class=\"markup--anchor markup--p-anchor\" href=\"https:\/\/www.coopculture.it\/\" target=\"_blank\" rel=\"noopener noreferrer\" data-href=\"https:\/\/www.coopculture.it\/\" data-bcup-haslogintext=\"no\">site oficial<\/a> a op\u00e7\u00e3o do tour no subterr\u00e2neo e o \u00faltimo andar, mas com a chuva o \u00faltimo andar estava cheio de \u00e1gua e eles no deram a op\u00e7\u00e3o de pegar nosso dinheiro de volta ou fazer somente o tour do subterr\u00e2neo que no nosso caso foi o que escolhemos.<\/p>\n<p class=\"graf graf--p\">\u00a0Sem d\u00favida fazer o tour faz toda a diferen\u00e7a na experi\u00eancia o guia leva a gente em lugares que somente quem est\u00e1 nesse tour pode ir e explica detalhadamente a hist\u00f3ria do lugar.<\/p>\n<p class=\"graf graf--p\">\u00a0Pre\u00e7o do ingresso saiu 29 Euros por pessoa e tinha direito ao tour completo Coliseu + F\u00f3rum Romano + Palatino.<\/p>\n<p class=\"graf graf--p\">\u00a0S\u00f3 conseguimos fazer o F\u00f3rum Romano depois do Coliseu, pois o Palatino estava fechado pelas chuvas no dia anterior, saindo do f\u00f3rum fomos at\u00e9 a rua Del Corso e no caminho conhecemos a pra\u00e7a Veneza. (Andamos neste dia 14,71 Km)<\/p>\n<figure class=\"graf graf--figure\"><img decoding=\"async\" class=\"graf-image\" src=\"https:\/\/cdn-images-1.medium.com\/max\/800\/1*MgsNKD-sodgYTFU2NuzMwg.jpeg\" data-image-id=\"1*MgsNKD-sodgYTFU2NuzMwg.jpeg\" data-width=\"2048\" data-height=\"1536\" \/><\/figure>\n<figure class=\"graf graf--figure\"><img decoding=\"async\" class=\"graf-image\" src=\"https:\/\/cdn-images-1.medium.com\/max\/800\/1*OhV9e081XvSvArEjRxaJxA.jpeg\" data-image-id=\"1*OhV9e081XvSvArEjRxaJxA.jpeg\" data-width=\"2048\" data-height=\"1536\" \/><\/figure>\n<h3 class=\"graf graf--h3\">Dia 3\u200a\u2014\u200aAudi\u00eancia papal e Pra\u00e7a Del\u00a0Popolo.<\/h3>\n<p class=\"graf graf--p\">A audi\u00eancia era \u00e1s 10:00, chegamos por volta das 8:00 e o local j\u00e1 estava muito cheio, nesse dia n\u00e3o foi necess\u00e1rio trocar o e-mail que recebemos pelos ingressos, na verdade nem foi preciso mostrar, mas acho que isso depende da lota\u00e7\u00e3o do dia.<\/p>\n<p class=\"graf graf--p\">\u00a0No planejamento da viagem \u00e9 preciso enviar um e-mail para o Vaticano com seus dados para que receba o convite para participar do evento, no site oficial tem todo o passo a passo, se precisar de uma resposta mais r\u00e1pida, envie a solicita\u00e7\u00e3o por fax que eles respondem r\u00e1pido.<\/p>\n<p class=\"graf graf--p\">\u00a0Nas minhas pesquisas eu achava que o Papa, s\u00f3 passava pr\u00f3ximo a n\u00f3s, fazia sua ben\u00e7\u0101o e depois se retirava, mas na verdade \u00e9 como seu fosse uma mini missa do Papa, onde ele fala sobre um assunto e depois v\u00e1rios representantes da igreja traduzem a sua fala para o p\u00fablico.<\/p>\n<p class=\"graf graf--p\">\u00a0Foi algo surreal ver o Papa de t\u00e3o perto e ouvir seus conselhos sobre fam\u00edlia e casamento.<\/p>\n<p class=\"graf graf--p\">\u00a0Algumas dicas s\u00e3o muito importantes nesse dia, uma delas \u00e9 chegar muito cedo e a outra \u00e9 ficar na grade pr\u00f3ximo de crian\u00e7as de colo, fizemos isso e ele parou para dar a ben\u00e7\u00e3o bem a nossa frente.<\/p>\n<p class=\"graf graf--p\">\u00a0Como a bas\u00edlica estava fechada resolvemos voltar outro dia e seguimos caminho at\u00e9 a Pra\u00e7a Del Popolo, ficamos para ver o por do sol.(Andamos neste dia 16,54 Km).<\/p>\n<\/div>\n<div class=\"section-inner sectionLayout--outsetColumn\">\n<figure class=\"graf graf--figure graf--layoutOutsetCenter\"><img decoding=\"async\" class=\"graf-image\" src=\"https:\/\/cdn-images-1.medium.com\/max\/1000\/1*t3d3LxUrQc6ZmnC_tJJ5zg.jpeg\" data-image-id=\"1*t3d3LxUrQc6ZmnC_tJJ5zg.jpeg\" data-width=\"663\" data-height=\"1024\" \/><\/figure>\n<\/div>\n<div class=\"section-inner sectionLayout--insetColumn\">\n<figure class=\"graf graf--figure\"><img decoding=\"async\" class=\"graf-image\" src=\"https:\/\/cdn-images-1.medium.com\/max\/800\/1*6fXI6_cRMWeR4PN45EcLOQ.jpeg\" data-image-id=\"1*6fXI6_cRMWeR4PN45EcLOQ.jpeg\" data-width=\"2048\" data-height=\"1536\" \/><\/figure>\n<h4 class=\"graf graf--h4\">Dia 4\u200a\u2014\u200aFontana di Trevi \/ Pante\u00e3o \/ Circo\u00a0M\u00e1ximo.<\/h4>\n<p class=\"graf graf--p\">Chegamos na Fontana di Trevi antes das 7:00 da manh\u00e3 para conseguir tirar fotos com ela vazia, tivemos sorte, pois n\u00e3o tinha quase ningu\u00e9m.<\/p>\n<p class=\"graf graf--p\">\u00a0Como o Pant\u0113ao \u00e9 bem pr\u00f3ximo aproveitamos e fomos esperar na fila at\u00e9 ele abrir, foi uma \u00f3tima id\u00e9ia pois estava vazio tamb\u00e9m. Estava caindo uma chuva muito grande em Roma nesse dia o que atrapalhou um pouco nosso planos, mas nada que uma capa de chuva e um sapato bom n\u00e3o resolvesse, seguimos caminho at\u00e9 a boca da verdade, mas a fila estava enorme e resolvemos s\u00f3 olhar de fora mesmo e j\u00e1 aproveitamos e conhecemos o circo m\u00e1ximo que fica muito pr\u00f3ximo.<\/p>\n<p class=\"graf graf--p\">\u00a0A chuva n\u00e3o facilitou e tivemos que voltar para o apartamento, mas como t\u00ednhamos sa\u00eddo cedo conseguimos aproveitar bem o dia. (Andamos neste dia 14,66 km.)<\/p>\n<figure class=\"graf graf--figure\"><img decoding=\"async\" class=\"graf-image\" src=\"https:\/\/cdn-images-1.medium.com\/max\/800\/1*2aJRaeP9dVocHvMhpKPcdg.jpeg\" data-image-id=\"1*2aJRaeP9dVocHvMhpKPcdg.jpeg\" data-width=\"1536\" data-height=\"2048\" \/><\/figure>\n<figure class=\"graf graf--figure\"><img decoding=\"async\" class=\"graf-image\" src=\"https:\/\/cdn-images-1.medium.com\/max\/800\/1*kQUH5oyN0nDajs7jSHceHw.jpeg\" data-image-id=\"1*kQUH5oyN0nDajs7jSHceHw.jpeg\" data-width=\"2048\" data-height=\"1536\" \/><\/figure>\n<h4 class=\"graf graf--h4\"><strong class=\"markup--strong markup--h4-strong\">Dia 5\u200a\u2014\u200aBas\u00edlica de S\u00e3o Pedro \/ Museus do Vaticano \/ Igreja Santa Maria del\u00a0Popolo<\/strong><\/h4>\n<p class=\"graf graf--p\">Era dia do Vaticano, nossos ingressos para os museus era as 13:00hs\u00a0, mas chegamos por volta das 9:00 para visitar a Bas\u00edlica.<\/p>\n<p class=\"graf graf--p\">\u00a0Enquanto esperava o hor\u00e1rio comemos um lanche comprado no mercado, pois a lanchonete dentro do museu fica no final do percurso.<\/p>\n<p class=\"graf graf--p\">\u00a0As 12:30 eles j\u00e1 liberaram a entrada, acho que a dica importante \u00e9 comprar direto pelo <a class=\"markup--anchor markup--p-anchor\" href=\"https:\/\/biglietteriamusei.vatican.va\/musei\/tickets\/\" target=\"_blank\" rel=\"noopener noreferrer\" data-href=\"https:\/\/biglietteriamusei.vatican.va\/musei\/tickets\/\" data-bcup-haslogintext=\"no\">site oficial<\/a>, se comprar nesses outros sites fica em uma fila imensa, pois \u00e9 considerado grupo.<\/p>\n<p class=\"graf graf--p\">\u00a0Alugamos o \u00e1udio guia e curtimos bastante conhecer a hist\u00f3ria, estava insuport\u00e1vel de cheio, quase n\u00e3o foi poss\u00edvel aproveitar, j\u00e1 tinha ido uma outra vez no final de Dezembro e estava extremamente vazio.<\/p>\n<p class=\"graf graf--p\">Saindo de l\u00e1, fomos andando para a igreja Santa Maria del Popolo, ver alguns quadros de Caravaggio.(Andamos neste dia 14,96 km).<\/p>\n<h4 class=\"graf graf--h4\"><strong class=\"markup--strong markup--h4-strong\">Dia 6\u200a\u2014\u200aIgreja San Pietro in Vincoli \/ Templo da Argentina \/ Campo di\u00a0Fiori<\/strong><\/h4>\n<p class=\"graf graf--p\">Acordamos e sa\u00edmos rumo a Igreja San Pietro in Vincoli, onde se encontra as correntes de Pedro e a est\u00e1tua de Mois\u00e9s de Michelangelo, a igreja \u00e9 super pequena o que torna a visita muito r\u00e1pida.<\/p>\n<p class=\"graf graf--p\">\u00a0Fomos em dire\u00e7\u00e3o a Campo di Fiore, no caminho encontramos o Largo de Torre Argentina, que hoje \u00e9 considerado o Templo dos Gatos.<\/p>\n<p class=\"graf graf--p\">\u00a0Para quem gosta de comprar, amamos uma loja que encontramos que se chama TIGER, artigos de casa, decora\u00e7\u00e3o e brinquedos.<\/p>\n<p class=\"graf graf--p\">\u00a0Chegando em campo di Fiore achei um pouco decepcionante, achei que fosse algo gigante, mas na verdade s\u00e3o algumas barracas vendendo alguns produtos t\u00edpicos, fiquei procurando alguma barraca de algum italiano e n\u00e3o achei nenhuma, por sinal encontramos uma de uma Brasileira extremamente simp\u00e1tica e prestativa.<\/p>\n<p class=\"graf graf--p\">\u00a0Seguimos caminho a via del corso, andamos pelas lojas e acabamos nosso dia indo se despedir da Fontana di Trevi.(Andamos neste dia 17,61 km).<\/p>\n<figure class=\"graf graf--figure\"><img decoding=\"async\" class=\"graf-image\" src=\"https:\/\/cdn-images-1.medium.com\/max\/800\/1*sxBbJNwGGeymDcRYakAFuA.jpeg\" data-image-id=\"1*sxBbJNwGGeymDcRYakAFuA.jpeg\" data-width=\"2048\" data-height=\"1536\" \/><\/figure>\n<h4 class=\"graf graf--h4\"><strong class=\"markup--strong markup--h4-strong\">Dia 7\u200a\u2014\u200aIda para Firenze e Museu Accademia<\/strong><\/h4>\n<p class=\"graf graf--p\">Era nosso dia de ida para Firenze, sa\u00edmos do apartamento 2 horas antes do hor\u00e1rio do trem para ter tempo se ocorresse algum imprevisto.<\/p>\n<p class=\"graf graf--p\">\u00a0O trem saiu pontualmente e chegou em Firenze alguns minutos antes do previsto. O trem \u00e9 muito limpo, com lugares marcados e com banheiros dispon\u00edveis.<\/p>\n<p class=\"graf graf--p\">\u00a0Chegando no apartamento fizemos o check-in e corremos para o museu Dell&#8217; Accademia para aproveitar o primeiro domingo do m\u00eas, onde alguns museus s\u00e3o gratuitos.<\/p>\n<p class=\"graf graf--p\">Chegamos no museu e n\u00e3o tinha nenhuma fila para entrar, acho que foi sorte quando sa\u00edmos a fila para entrar estava enorme.(Andamos neste dia 11,25 km).<\/p>\n<figure class=\"graf graf--figure\"><img decoding=\"async\" class=\"graf-image\" src=\"https:\/\/cdn-images-1.medium.com\/max\/800\/1*4vtV6rimUQy6nZU8pXVMbQ.jpeg\" data-image-id=\"1*4vtV6rimUQy6nZU8pXVMbQ.jpeg\" data-width=\"1536\" data-height=\"2048\" \/><\/figure>\n<figure class=\"graf graf--figure\"><img decoding=\"async\" class=\"graf-image\" src=\"https:\/\/cdn-images-1.medium.com\/max\/800\/1*xQg11J0Hpl0mCp20BSGbPA.jpeg\" data-image-id=\"1*xQg11J0Hpl0mCp20BSGbPA.jpeg\" data-width=\"1536\" data-height=\"2048\" \/><\/figure>\n<h4 class=\"graf graf--h4\"><strong class=\"markup--strong markup--h4-strong\">Dia 8\u200a\u2014\u200aMuseu da \u00d3pera do Duomo \/ C\u00fapula \/ Pal\u00e1cio\u00a0Medici<\/strong><\/h4>\n<p class=\"graf graf--p\">\u00a0Nosso hor\u00e1rio para a C\u00fapula do Duomo era \u00e1s 9:00 chegamos por volta das 8:30 tinha uma pequena fila e s\u00f3 entrava no seu hor\u00e1rio.<br \/>\nSaindo de l\u00e1 passamos no museu do Duomo, que \u00e9 muito organizado, por\u00e9m na minha opini\u00e3o s\u00f3 vale pelas portas originais do \u201cpara\u00edso\u201d todas as outras obras parecem um pouco para encher o lugar, no batist\u00e9rio s\u00f3 entramos e sa\u00edmos metade dele estava em obra.<\/p>\n<p class=\"graf graf--p\">Compramos o ingresso que permitia o acesso ao Museu, C\u00fapula, Igreja, Campan\u00e1rio. Acredito que esse ingressos s\u00f3 vale a pena para quem quer subir a c\u00fapula e o campan\u00e1rio, pois se n\u00e3o for subir \u00e9 dinheiro perdido.<\/p>\n<p class=\"graf graf--p\">Seguimos em dire\u00e7\u00e3o a Ponte Vecchio e depois para o Pal\u00e1cio Medici onde estava ocorrendo uma exposi\u00e7\u00e3o do artista Banksy, a visita s\u00f3 do pal\u00e1cio n\u00e3o vale a pena, mas pela exposi\u00e7\u00e3o valeu.(Andamos neste dia 12,33 km).<\/p>\n<figure class=\"graf graf--figure\"><img decoding=\"async\" class=\"graf-image\" src=\"https:\/\/cdn-images-1.medium.com\/max\/800\/1*B58D7IuIDxlrNKhpMxRsGQ.jpeg\" data-image-id=\"1*B58D7IuIDxlrNKhpMxRsGQ.jpeg\" data-width=\"2048\" data-height=\"1418\" \/><\/figure>\n<h4 class=\"graf graf--h4\"><strong class=\"markup--strong markup--h4-strong\">Dia 9\u200a\u2014\u200aPisa<\/strong><\/h4>\n<p class=\"graf graf--p\">Nosso trem para a cidade de Pisa saiu por volta das 8 da manh\u00e3 a viagem demorou 1:30 e custou 8,60 Euros cada trecho.<\/p>\n<p class=\"graf graf--p\">Chegamos na esta\u00e7\u00e3o e j\u00e1 fomos direto para a torre aonde passamos a manh\u00e3 tirando fotos e aproveitando a paisagem, resolvemos n\u00e3o entrar em nenhum lugar para conseguir volta mais cedo para Firenze.<\/p>\n<p class=\"graf graf--p\">Por volta do meio dia j\u00e1 est\u00e1vamos de volta \u00e0 esta\u00e7\u00e3o para retornar a Firenze e conseguir aproveitar o final de tarde na cidade.(Andamos neste dia 11,91 km).<\/p>\n<figure class=\"graf graf--figure\"><img decoding=\"async\" class=\"graf-image\" src=\"https:\/\/cdn-images-1.medium.com\/max\/800\/1*pcCOQ3ryrxNA0bGeEcmq9Q.jpeg\" data-image-id=\"1*pcCOQ3ryrxNA0bGeEcmq9Q.jpeg\" data-width=\"1536\" data-height=\"2048\" \/><\/figure>\n<figure class=\"graf graf--figure\"><img decoding=\"async\" class=\"graf-image\" src=\"https:\/\/cdn-images-1.medium.com\/max\/800\/1*tb_3r9jgQMH-Jxl4WQ8QSA.jpeg\" data-image-id=\"1*tb_3r9jgQMH-Jxl4WQ8QSA.jpeg\" data-width=\"1302\" data-height=\"2048\" \/><\/figure>\n<h4 class=\"graf graf--h4\"><strong class=\"markup--strong markup--h4-strong\">Dia 10 &#8211; Ida para\u00a0Verona<\/strong><\/h4>\n<p class=\"graf graf--p\">Pegamos um trem com destino a Verona com dura\u00e7\u00e3o de 1:30, compramos antecipado aqui no Brasil, a viagem \u00e9 muito confort\u00e1vel e passa super r\u00e1pido, tentei escolher os trens que chegasse no destino bem pr\u00f3ximo ao hor\u00e1rio do check-in e deu super certo, pois chegamos e o apartamento j\u00e1 estava liberado para n\u00f3s.<\/p>\n<p class=\"graf graf--p\">\u00a0Depois de se instalar e receber dicas da anfitri\u00e3, resolvemos ir at\u00e9 o shopping conhecer a t\u00e3o famosa Primark, na primeira impress\u00e3o eu adorei, realmente \u00e9 tudo isso que falam, os artigos de natal \u00e9 algo bem exclusivo deles. Por\u00e9m as roupas depois da primeira lavagem j\u00e1 deixou claro que n\u00e3o v\u00e3o durar muito.<\/p>\n<p class=\"graf graf--p\">O Shopping \u00e9 bem grande com lojas, como Zara, Primark, H&amp;M, Tiger, um mercado muito grande e barato, enfim vale a visita.(Andamos neste dia 12,51 km).<\/p>\n<h4 class=\"graf graf--h4\"><strong class=\"markup--strong markup--h4-strong\">Dia 11\u200a\u2014\u200aArena \/ Casa di Julieta \/ Torre dei Lamberti \/ Castelvecchio<\/strong><\/h4>\n<p class=\"graf graf--p\">Come\u00e7amos o dia conhecendo a Arena de Verona \u00e9 uma irm\u00e3 menor do Coliseu muito mais conservada, resolvemos comprar o Verona card no valor de 18 euros por pessoa.<\/p>\n<p class=\"graf graf--p\">\u00a0O Verona card d\u00e1 direito a todos as atra\u00e7\u00f5es de Verona e ao passe de \u00f4nibus ilimitado, o que acaba saindo muito mais barato. Pois cada atra\u00e7\u00e3o custa em m\u00e9dia 8 a 10 euros.<br \/>\nUsamos ele para entrar na Arena, casa di Julieta, Torre dei Lamberti e Castelvecchio, entre esses o que achamos que vale mais a pena \u00e9 o Castelvecchio e a Arena, a torre n\u00e3o tivemos sorte estava um dia nublado e com isso atrapalhou a vis\u00e3o, j\u00e1 a casa di Julieta chegamos a conclus\u00e3o que \u00e9 muito pega turista o que vale a pena mesmo \u00e9 a estatua e entrada da casa que no caso s\u00e3o gr\u00e1tis.(Andamos neste dia 13,74 km).<\/p>\n<figure class=\"graf graf--figure\"><img decoding=\"async\" class=\"graf-image\" src=\"https:\/\/cdn-images-1.medium.com\/max\/800\/1*tyKUtmbcc-KI-5SJ-PzvxA.jpeg\" data-image-id=\"1*tyKUtmbcc-KI-5SJ-PzvxA.jpeg\" data-width=\"2048\" data-height=\"1536\" \/><\/figure>\n<figure class=\"graf graf--figure\"><img decoding=\"async\" class=\"graf-image\" src=\"https:\/\/cdn-images-1.medium.com\/max\/800\/1*h5D_dr14mQikP9MqQfkBiA.jpeg\" data-image-id=\"1*h5D_dr14mQikP9MqQfkBiA.jpeg\" data-width=\"2048\" data-height=\"1536\" \/><\/figure>\n<h4 class=\"graf graf--h4\"><strong class=\"markup--strong markup--h4-strong\">Dia 12\u00a0-Veneza<\/strong><\/h4>\n<p class=\"graf graf--p\">Fizemos um bate e volta at\u00e9 a cidade de Veneza, \u00e9 um percurso pequeno de 1:30 com valor de 9 euros cada trecho, pegamos o trem das 8:20 ent\u00e3o chegamos na parte de manh\u00e3 e escolhemos andar sem nenhum rumo e se perder por Veneza o que acabou sendo \u00f3timo, pois em cada ponte era uma paisagem mais linda que a anterior.<\/p>\n<p class=\"graf graf--p\">\u00a0Almo\u00e7amos em um restaurante qualquer que n\u00e3o vale a indica\u00e7\u00e3o e fomos a caminho da igreja de S\u00e3o Marco, estava sem fila entramos e conhecemos a igreja por dentro. Os mosaicos s\u00e3o algo surreal de lindo.<\/p>\n<p class=\"graf graf--p\">\u00a0Finalizamos o dia pegando o trem das 18:00 para o retorno a Verona.<\/p>\n<figure class=\"graf graf--figure\"><img decoding=\"async\" class=\"graf-image\" src=\"https:\/\/cdn-images-1.medium.com\/max\/800\/1*GUDFE42E7xEBGY-omLv-hg.jpeg\" data-image-id=\"1*GUDFE42E7xEBGY-omLv-hg.jpeg\" data-width=\"2048\" data-height=\"1536\" \/><\/figure>\n<h4 class=\"graf graf--h4\"><strong class=\"markup--strong markup--h4-strong\">Dia 13 -Ida para\u00a0Paris<\/strong><\/h4>\n<p class=\"graf graf--p\">Esse dia foi de certo modo perdido, nosso check-out foi as 10:00 da manh\u00e3 e nosso trem para Paris saiu as 21:30 da esta\u00e7\u00e3o de Verona, por esse motivo resolvemos passar o dia no shopping de Verona e conhecer a Decathlon.<\/p>\n<p class=\"graf graf--p\">\u00a0O trem foi pontual e ficou dentro de nossas expectativas, particularmente se fosse poss\u00edvel eu s\u00f3 viajaria de trem.<\/p>\n<p class=\"graf graf--p\">\u00a0Nossa cabine tinha 6 camas e todas elas estavam preenchidas, foi uma viagem tranquila, chegamos em Paris um pouco mais tarde do que o esperado, pois o trem quebrou e tivemos que esperar a chegada de um outro para guinchar o que est\u00e1vamos, mas nada que atrapalhasse a viagem.(Andamos neste dia 10,95 km)<\/p>\n<h4 class=\"graf graf--h4\"><strong class=\"markup--strong markup--h4-strong\">Dia 14-Chegada \/ Notre\u00a0Dame<\/strong><\/h4>\n<p class=\"graf graf--p\">Chegamos em Paris, dia chuvoso e estava acontecendo uma celebra\u00e7\u00e3o sobre 100 anos da primeira Guerra Mundial, com v\u00e1rios lideres de diversas na\u00e7\u00f5es e isso acabou influenciando no nosso planejamento j\u00e1 que varias atra\u00e7\u00f5es e metr\u00f4s estavam fechados.<\/p>\n<p class=\"graf graf--p\">\u00a0Resolvemos ir andando at\u00e9 a igreja de Notre Dame e depois voltar para o apartamento para descansar para os pr\u00f3ximos dias.(Andamos neste dia 10,99 km)<\/p>\n<h4 class=\"graf graf--h4\">Dia 15-\u00a0Louvre<\/h4>\n<p class=\"graf graf--p\">Como n\u00e3o t\u00ednhamos comprado o ingresso antecipadamente chegamos cedo na bilheteria do Louvre que fica embaixo da pir\u00e2mide.<\/p>\n<p class=\"graf graf--p\">\u00a0Foi r\u00e1pido para comprar os ingressos e entrar, come\u00e7amos a visita direto pela Monalisa para depois conseguir ver tudo com mais calma, conseguimos andar bem dentro do museu, ele estava vazio, ficamos umas 3 horas priorizando somente o que realmente quer\u00edamos ver.<\/p>\n<p class=\"graf graf--p\">\u00a0Na sa\u00edda resolvemos ir conhecer o Arco do Triunfo e fomos caminhando para j\u00e1 aproveitar e ir conhecendo a Champs-\u00c9lys\u00e9es.<\/p>\n<p class=\"graf graf--p\">\u00a0Voltamos para o hotel e a noite sa\u00edmos para visitar a regi\u00e3o do Moulin Rouge.(Andamos neste dia 22,53 km)<\/p>\n<figure class=\"graf graf--figure\"><img decoding=\"async\" class=\"graf-image\" src=\"https:\/\/cdn-images-1.medium.com\/max\/800\/1*UrPIHMVBD6_sH1cw6Nad_g.jpeg\" data-image-id=\"1*UrPIHMVBD6_sH1cw6Nad_g.jpeg\" data-width=\"2048\" data-height=\"1536\" \/><\/figure>\n<figure class=\"graf graf--figure\"><img decoding=\"async\" class=\"graf-image\" src=\"https:\/\/cdn-images-1.medium.com\/max\/800\/1*PR1I6yZdpS18Z-Aax-3p-g.jpeg\" data-image-id=\"1*PR1I6yZdpS18Z-Aax-3p-g.jpeg\" data-width=\"1536\" data-height=\"2048\" \/><\/figure>\n<h4 class=\"graf graf--h4\">Dia 16-\u00a0Disney<\/h4>\n<p class=\"graf graf--p\">Chegou o dia de voltar a ser crian\u00e7a.<\/p>\n<p class=\"graf graf--p\">O parque abre por volta das 10:00 horas, por esse motivo se programamos para chegar l\u00e1 pelas 9:00 e foi a melhor coisa, pois meia hora antes do hor\u00e1rio de abertura eles j\u00e1 liberaram o acesso e j\u00e1 conseguimos ir para a fila do primeiro brinquedo.<\/p>\n<p class=\"graf graf--p\">\u00a0Escolhemos come\u00e7ar pelo Walt Disney Studios pois fecha mais cedo e tem os brinquedos mais concorridos, nesse parque t\u00ednhamos como prioridade 5 atra\u00e7\u00f5es que conseguimos fazer antes das 14:00 para seguir para o outro parque.<\/p>\n<p class=\"graf graf--p\">O Disneyland Park \u00e9 voltado, mais para o p\u00fablico infantil, mas tem algumas montanhas russas que s\u00e3o incr\u00edveis e conseguem ser melhores do que da Disney de Orlando, ficamos nesse parque aproveitando as montanhas russas at\u00e9 o seu fechamento.<\/p>\n<p class=\"graf graf--p\">\u00a0O Show de encerramento foi algo surreal e ganha de qualquer outro que j\u00e1 vi at\u00e9 hoje.<\/p>\n<p class=\"graf graf--p\">\u00a0Fizemos os 2 parques no mesmo dia, mas foi muito corrido, acredito que se tivesse mais tempo vale a pena separar um dia para cada parque para que posso aproveitar melhor a magia Disney, conhecendo as lojas e restaurantes.(Andamos neste dia13,23 km)<\/p>\n<figure class=\"graf graf--figure\"><img decoding=\"async\" class=\"graf-image\" src=\"https:\/\/cdn-images-1.medium.com\/max\/800\/1*_6uRoYSZC7wl7_-XdXEmKg.jpeg\" data-image-id=\"1*_6uRoYSZC7wl7_-XdXEmKg.jpeg\" data-width=\"1536\" data-height=\"2048\" \/><\/figure>\n<figure class=\"graf graf--figure\"><img decoding=\"async\" class=\"graf-image\" src=\"https:\/\/cdn-images-1.medium.com\/max\/800\/1*D5LAxjEVVQ4fi13hnxtqzg.jpeg\" data-image-id=\"1*D5LAxjEVVQ4fi13hnxtqzg.jpeg\" data-width=\"1536\" data-height=\"2048\" \/><\/figure>\n<h4 class=\"graf graf--h4\">Dia 17- Sem\u00a0roteiro.<\/h4>\n<p class=\"graf graf--p\">Nesse dia resolvemos sair sem roteiro e se deixar levar, sa\u00edmos do hotel e passamos pela Chinatown de Paris e l\u00e1 pr\u00f3ximo nos pr\u00e9dios era poss\u00edvel encontrar muitos grafites com isso passamos a manh\u00e3 conhecendo a regi\u00e3o.<\/p>\n<p class=\"graf graf--p\">\u00a0Na parte da tarde seguimos para a regi\u00e3o da Sacre Coeur, almo\u00e7amos, conhecemos algumas lojas, depois pegamos o metr\u00f4 para ir conhecer a loja da Primark de Paris finalizando nosso dia no shopping.(Andamos neste dia 16,80 km)<\/p>\n<h4 class=\"graf graf--h4\">Dia 18- Torre\u00a0Eiffel.<\/h4>\n<p class=\"graf graf--p\">Deixamos o \u00faltimo dia para visitar a torre, por\u00e9m n\u00e3o foi a melhor escolha. A previs\u00e3o do tempo mostrava sol, por\u00e9m a realidade foi de neblina o dia todo.<\/p>\n<p class=\"graf graf--p\">Sa\u00edmos de manh\u00e3 para ir at\u00e9 o mercado de Paris para experimentar um lanche que estava em nosso planos, de l\u00e1 seguimos para a torre, como ela estava ofuscada pela neblina passamos pouco tempo apreciando e j\u00e1 seguimos ao arco do Triunfo onde tinha uma loja da Decathlon que quer\u00edamos conhecer. Resolvemos voltar ao hotel para a noite tentar mais uma vez ver a torre sem neblina, mas de novo n\u00e3o tivemos sorte.<\/p>\n<p class=\"graf graf--p\">\u00a0Como era nosso \u00faltimo dia de viagem voltamos para o hotel organizar tudo para o dia seguinte.<\/p>\n<figure class=\"graf graf--figure\"><img decoding=\"async\" class=\"graf-image\" src=\"https:\/\/cdn-images-1.medium.com\/max\/800\/1*b8TdWj2ns0_utsh6wxiERQ.jpeg\" data-image-id=\"1*b8TdWj2ns0_utsh6wxiERQ.jpeg\" data-width=\"2048\" data-height=\"1539\" \/><\/figure>\n<figure class=\"graf graf--figure\"><img decoding=\"async\" class=\"graf-image\" src=\"https:\/\/cdn-images-1.medium.com\/max\/800\/1*cH733i6l8hGr8dgdsVTfYA.jpeg\" data-image-id=\"1*cH733i6l8hGr8dgdsVTfYA.jpeg\" data-width=\"2048\" data-height=\"1536\" \/><\/figure>\n<figure class=\"graf graf--figure\"><img decoding=\"async\" class=\"graf-image\" src=\"https:\/\/cdn-images-1.medium.com\/max\/800\/1*OYGSa3KbJ9PE66FcyuLrZQ.jpeg\" data-image-id=\"1*OYGSa3KbJ9PE66FcyuLrZQ.jpeg\" data-width=\"1536\" data-height=\"2048\" \/><\/figure>\n<h4 class=\"graf graf--h4\">Dia 19- Volta para o\u00a0Brasil.<\/h4>\n<p class=\"graf graf--p\">Chegou o dia de voltar para o Brasil, nosso v\u00f4o saiu do Charles de Gaulle \u00e1s 6:20 da manh\u00e3, por esse motivo achei melhor contratar um transfer e acabei encontrando o <a class=\"markup--anchor markup--p-anchor\" href=\"https:\/\/www.facebook.com\/LucyPrestige.fr\/\" target=\"_blank\" rel=\"noopener noreferrer\" data-href=\"https:\/\/www.facebook.com\/LucyPrestige.fr\/\" data-bcup-haslogintext=\"no\">Lucy Prestige<\/a> que foi melhor do que o esperado. O motorista chegou antes do hor\u00e1rio combinado j\u00e1 estava na recep\u00e7\u00e3o esperando a gente, deu v\u00e1rias dicas sobre o aeroporto e foi super simp\u00e1tico, o valor foi de 80 euros para 5 pessoas.<br \/>\nO check-in e a seguran\u00e7a do aeroporto foi bem simples, v\u00f4o saiu no hor\u00e1rio e chegamos em S\u00e3o Paulo na hora prevista.<\/p>\n<p class=\"graf graf--p\">\u00a0Acabou a viagem que tanto planejamos, foi uma experi\u00eancia \u00fanica.<\/p>\n<p class=\"graf graf--p\">\u00a0Sabores nunca provados, paisagens nunca vistas, risada que fizeram a barriga doer, emo\u00e7\u00f5es que nunca poder\u00e3o ser descritas, piadas que somente n\u00f3s sabemos o que significa.<\/p>\n<p class=\"graf graf--p\">Gratid\u00e3o \u00e9 a palavra final dessa viagem. Sou grata por toda essa aventura e por ter tido companhias que fizeram essa viagem ser inesquec\u00edvel.<\/p>\n<p class=\"graf graf--p\">\n<\/div>\n<\/div>\n<\/section>\n","protected":false},"excerpt":{"rendered":"<p>Voo R$ 5.665,60 \u00a0Nosso voo saiu de Guarulhos com destino a Roma, sem escalas com dura\u00e7\u0101o de 12 horas. \u00a0 A ida foi em um avi\u00e3o maior, com as refei\u00e7\u00f5es muitos boas, talvez as melhores que j\u00e1 comi em avi\u00f5es.\u00a0 \u00a0A volta saiu de Paris para Guarulhos com escala em Roma, nossa imigra\u00e7\u00e3o de sa\u00edda [&hellip;]<\/p>\n","protected":false},"author":1,"featured_media":0,"comment_status":"open","ping_status":"open","sticky":false,"template":"","format":"standard","meta":{"om_disable_all_campaigns":false,"_jetpack_memberships_contains_paid_content":false,"footnotes":""},"categories":[13],"tags":[62,65,85,109,119,122,166,167],"class_list":["post-650","post","type-post","status-publish","format-standard","hentry","category-mochilao","tag-firenze","tag-franca","tag-italia","tag-mochilao","tag-paris","tag-pisa","tag-veneza","tag-verona"],"jetpack_featured_media_url":"","jetpack_sharing_enabled":true,"_links":{"self":[{"href":"https:\/\/www.neyestrabelli.com\/blog\/wp-json\/wp\/v2\/posts\/650","targetHints":{"allow":["GET"]}}],"collection":[{"href":"https:\/\/www.neyestrabelli.com\/blog\/wp-json\/wp\/v2\/posts"}],"about":[{"href":"https:\/\/www.neyestrabelli.com\/blog\/wp-json\/wp\/v2\/types\/post"}],"author":[{"embeddable":true,"href":"https:\/\/www.neyestrabelli.com\/blog\/wp-json\/wp\/v2\/users\/1"}],"replies":[{"embeddable":true,"href":"https:\/\/www.neyestrabelli.com\/blog\/wp-json\/wp\/v2\/comments?post=650"}],"version-history":[{"count":1,"href":"https:\/\/www.neyestrabelli.com\/blog\/wp-json\/wp\/v2\/posts\/650\/revisions"}],"predecessor-version":[{"id":687,"href":"https:\/\/www.neyestrabelli.com\/blog\/wp-json\/wp\/v2\/posts\/650\/revisions\/687"}],"wp:attachment":[{"href":"https:\/\/www.neyestrabelli.com\/blog\/wp-json\/wp\/v2\/media?parent=650"}],"wp:term":[{"taxonomy":"category","embeddable":true,"href":"https:\/\/www.neyestrabelli.com\/blog\/wp-json\/wp\/v2\/categories?post=650"},{"taxonomy":"post_tag","embeddable":true,"href":"https:\/\/www.neyestrabelli.com\/blog\/wp-json\/wp\/v2\/tags?post=650"}],"curies":[{"name":"wp","href":"https:\/\/api.w.org\/{rel}","templated":true}]}}